{"id":9851,"date":"2021-12-20T15:58:19","date_gmt":"2021-12-20T18:58:19","guid":{"rendered":"https:\/\/www.inovelondrina.com.br\/agencia\/?p=9851"},"modified":"2021-12-20T15:58:19","modified_gmt":"2021-12-20T18:58:19","slug":"avanco-de-gripe-provoca-preocupacao-em-londrina","status":"publish","type":"post","link":"https:\/\/www.inovelondrina.com.br\/agencia\/avanco-de-gripe-provoca-preocupacao-em-londrina\/","title":{"rendered":"Avan\u00e7o de gripe provoca preocupa\u00e7\u00e3o em Londrina"},"content":{"rendered":"<h4>Avan\u00e7o de gripe provoca preocupa\u00e7\u00e3o em Londrina<\/h4>\n<p>Folha de Londrina<\/p>\n<p>Caderno Geral<\/p>\n<p>17\/12\/2021<\/p>\n<p><img loading=\"lazy\" decoding=\"async\" class=\"alignnone size-medium wp-image-9852\" src=\"https:\/\/www.inovelondrina.com.br\/agencia\/wp-content\/uploads\/2021\/12\/WhatsApp-Image-2021-12-20-at-05.53.39-1-183x300.jpeg\" alt=\"\" width=\"183\" height=\"300\" srcset=\"https:\/\/www.inovelondrina.com.br\/agencia\/wp-content\/uploads\/2021\/12\/WhatsApp-Image-2021-12-20-at-05.53.39-1-183x300.jpeg 183w, https:\/\/www.inovelondrina.com.br\/agencia\/wp-content\/uploads\/2021\/12\/WhatsApp-Image-2021-12-20-at-05.53.39-1-89x146.jpeg 89w, https:\/\/www.inovelondrina.com.br\/agencia\/wp-content\/uploads\/2021\/12\/WhatsApp-Image-2021-12-20-at-05.53.39-1-31x50.jpeg 31w, https:\/\/www.inovelondrina.com.br\/agencia\/wp-content\/uploads\/2021\/12\/WhatsApp-Image-2021-12-20-at-05.53.39-1-46x75.jpeg 46w, https:\/\/www.inovelondrina.com.br\/agencia\/wp-content\/uploads\/2021\/12\/WhatsApp-Image-2021-12-20-at-05.53.39-1.jpeg 626w\" sizes=\"auto, (max-width: 183px) 100vw, 183px\" \/><\/p>\n","protected":false},"excerpt":{"rendered":"<p>Avan\u00e7o de gripe provoca preocupa\u00e7\u00e3o em Londrina Folha de Londrina Caderno Geral 17\/12\/2021<\/p>\n","protected":false},"author":111,"featured_media":9624,"comment_status":"closed","ping_status":"open","sticky":false,"template":"","format":"standard","meta":{"_joinchat":[],"footnotes":""},"categories":[171],"tags":[],"class_list":["post-9851","post","type-post","status-publish","format-standard","has-post-thumbnail","hentry","category-hospital-evangelico"],"_links":{"self":[{"href":"https:\/\/www.inovelondrina.com.br\/agencia\/wp-json\/wp\/v2\/posts\/9851","targetHints":{"allow":["GET"]}}],"collection":[{"href":"https:\/\/www.inovelondrina.com.br\/agencia\/wp-json\/wp\/v2\/posts"}],"about":[{"href":"https:\/\/www.inovelondrina.com.br\/agencia\/wp-json\/wp\/v2\/types\/post"}],"author":[{"embeddable":true,"href":"https:\/\/www.inovelondrina.com.br\/agencia\/wp-json\/wp\/v2\/users\/111"}],"replies":[{"embeddable":true,"href":"https:\/\/www.inovelondrina.com.br\/agencia\/wp-json\/wp\/v2\/comments?post=9851"}],"version-history":[{"count":0,"href":"https:\/\/www.inovelondrina.com.br\/agencia\/wp-json\/wp\/v2\/posts\/9851\/revisions"}],"wp:featuredmedia":[{"embeddable":true,"href":"https:\/\/www.inovelondrina.com.br\/agencia\/wp-json\/wp\/v2\/media\/9624"}],"wp:attachment":[{"href":"https:\/\/www.inovelondrina.com.br\/agencia\/wp-json\/wp\/v2\/media?parent=9851"}],"wp:term":[{"taxonomy":"category","embeddable":true,"href":"https:\/\/www.inovelondrina.com.br\/agencia\/wp-json\/wp\/v2\/categories?post=9851"},{"taxonomy":"post_tag","embeddable":true,"href":"https:\/\/www.inovelondrina.com.br\/agencia\/wp-json\/wp\/v2\/tags?post=9851"}],"curies":[{"name":"wp","href":"https:\/\/api.w.org\/{rel}","templated":true}]}}