{"id":9829,"date":"2021-12-20T15:25:55","date_gmt":"2021-12-20T18:25:55","guid":{"rendered":"https:\/\/www.inovelondrina.com.br\/agencia\/?p=9829"},"modified":"2021-12-20T15:25:55","modified_gmt":"2021-12-20T18:25:55","slug":"hospital-evangelico-tem-superlotacao-em-pronto-socorro-em-londrina","status":"publish","type":"post","link":"https:\/\/www.inovelondrina.com.br\/agencia\/hospital-evangelico-tem-superlotacao-em-pronto-socorro-em-londrina\/","title":{"rendered":"Hospital Evang\u00e9lico tem superlota\u00e7\u00e3o em pronto-socorro, em Londrina"},"content":{"rendered":"<div class=\"title\">\n<h4 class=\"content-head__title\">Hospital Evang\u00e9lico tem superlota\u00e7\u00e3o em pronto-socorro, em Londrina<\/h4>\n<\/div>\n<div class=\"medium-centered subtitle\">\n<h4 class=\"content-head__subtitle\">Segundo o hospital, na manh\u00e3 desta quarta-feira (8), 15 pacientes aguardavam por vaga em UTI geral; Pronto-socorro da Santa Casa tamb\u00e9m registrou atendimento acima da capacidade.<\/h4>\n<\/div>\n<p>Por RPC Londrina\u00a0\u2014 Londrina<\/p>\n<p>08\/12\/2021 14h59 <span class=\"content-publication-data__updated-relative\">\u00a0Atualizado\u00a0h\u00e1 uma semana<\/span><\/p>\n<p>Confira mat\u00e9ria no link: <a href=\"https:\/\/g1.globo.com\/pr\/norte-noroeste\/noticia\/2021\/12\/08\/hospital-evangelico-tem-superlotacao-em-pronto-socorro-em-londrina.ghtml\">https:\/\/g1.globo.com\/pr\/norte-noroeste\/noticia\/2021\/12\/08\/hospital-evangelico-tem-superlotacao-em-pronto-socorro-em-londrina.ghtml<\/a><\/p>\n<p>&nbsp;<\/p>\n<div class=\"mc-column content-text active-extra-styles \" data-block-type=\"unstyled\" data-block-weight=\"29\" data-block-id=\"2\">\n<p class=\"content-text__container \" data-track-category=\"Link no Texto\" data-track-links=\"\">O Hospital Evang\u00e9lico de Londrina, no norte do Paran\u00e1, registrou superlota\u00e7\u00e3o no pronto-socorro, nesta quarta-feira (8), segundo a assessoria. A unidade atende pacientes do Sistema \u00danico de Sa\u00fade (SUS).<\/p>\n<\/div>\n<div class=\"wall protected-content\">\n<div class=\"mc-column content-text active-extra-styles \" data-block-type=\"unstyled\" data-block-weight=\"21\" data-block-id=\"3\">\n<p class=\"content-text__container \" data-track-category=\"Link no Texto\" data-track-links=\"\">Conforme o hospital, a ocupa\u00e7\u00e3o da Unidade de Terapia Intensiva (UTI) passou de 113%, nesta quarta, na ala de atendimento geral.<\/p>\n<\/div>\n<div class=\"mc-column content-text active-extra-styles \" data-block-type=\"unstyled\" data-block-weight=\"18\" data-block-id=\"4\">\n<p class=\"content-text__container \" data-track-category=\"Link no Texto\" data-track-links=\"\">At\u00e9 as 17h50 desta quarta, 49 pacientes estavam internados no pronto-socorro e 15 aguardavam uma vaga para UTI.<\/p>\n<\/div>\n<div class=\"mc-column content-text active-extra-styles \" data-block-type=\"unstyled\" data-block-weight=\"13\" data-block-id=\"5\">\n<p class=\"content-text__container \" data-track-category=\"Link no Texto\" data-track-links=\"\">O hospital informou ainda que a lota\u00e7\u00e3o na unidade ocorre desde ter\u00e7a-feira (7).<\/p>\n<\/div>\n<div class=\"mc-column content-text active-extra-styles \" data-block-type=\"unstyled\" data-block-weight=\"31\" data-block-id=\"6\">\n<p class=\"content-text__container \" data-track-category=\"Link no Texto\" data-track-links=\"\">De acordo com a assessoria do Hospital Evang\u00e9lico, a dire\u00e7\u00e3o emitiu um of\u00edcio para a Secretaria de Estado da Sa\u00fade (Sesa) e para a Prefeitura de Londrina notificando sobre a superlota\u00e7\u00e3o.<\/p>\n<\/div>\n<div class=\"row medium-uncollapsed content-media content-photo\" data-block-type=\"backstage-photo\" data-block-id=\"8\">\n<div class=\"mc-column content-media__container\">\n<div class=\"content-media-container glb-skeleton-box\">\n<div id=\"attachment_9831\" style=\"width: 310px\" class=\"wp-caption alignnone\"><img loading=\"lazy\" decoding=\"async\" aria-describedby=\"caption-attachment-9831\" class=\"size-medium wp-image-9831\" src=\"https:\/\/www.inovelondrina.com.br\/agencia\/wp-content\/uploads\/2021\/12\/evangelico-300x144.jpg\" alt=\"\" width=\"300\" height=\"144\" srcset=\"https:\/\/www.inovelondrina.com.br\/agencia\/wp-content\/uploads\/2021\/12\/evangelico-300x144.jpg 300w, https:\/\/www.inovelondrina.com.br\/agencia\/wp-content\/uploads\/2021\/12\/evangelico-800x385.jpg 800w, https:\/\/www.inovelondrina.com.br\/agencia\/wp-content\/uploads\/2021\/12\/evangelico-768x369.jpg 768w, https:\/\/www.inovelondrina.com.br\/agencia\/wp-content\/uploads\/2021\/12\/evangelico-260x125.jpg 260w, https:\/\/www.inovelondrina.com.br\/agencia\/wp-content\/uploads\/2021\/12\/evangelico-50x24.jpg 50w, https:\/\/www.inovelondrina.com.br\/agencia\/wp-content\/uploads\/2021\/12\/evangelico-150x72.jpg 150w, https:\/\/www.inovelondrina.com.br\/agencia\/wp-content\/uploads\/2021\/12\/evangelico.jpg 984w\" sizes=\"auto, (max-width: 300px) 100vw, 300px\" \/><p id=\"caption-attachment-9831\" class=\"wp-caption-text\">RPC Reprodu\u00e7\u00e3o<\/p><\/div>\n<\/div>\n<div class=\"mc-column content-text active-extra-styles\" data-block-type=\"raw\" data-block-weight=\"2\" data-block-id=\"9\">\n<div class=\"content-intertitle\">\n<h4>Santa Casa<\/h4>\n<\/div>\n<\/div>\n<div class=\"mc-column content-text active-extra-styles \" data-block-type=\"unstyled\" data-block-weight=\"13\" data-block-id=\"10\">\n<p class=\"content-text__container \" data-track-category=\"Link no Texto\" data-track-links=\"\">A Santa Casa de Londrina tamb\u00e9m teve superlota\u00e7\u00e3o nesta quarta-feira, segundo a assessoria.<\/p>\n<\/div>\n<div class=\"mc-column content-text active-extra-styles \" data-block-type=\"unstyled\" data-block-weight=\"18\" data-block-id=\"11\">\n<p class=\"content-text__container \" data-track-category=\"Link no Texto\" data-track-links=\"\">Com a alta demanda, o pronto-socorro atendeu 50 pacientes, sendo que a capacidade do setor era para 20.<\/p>\n<\/div>\n<div class=\"mc-column content-text active-extra-styles \" data-block-type=\"unstyled\" data-block-weight=\"12\" data-block-id=\"12\">\n<p class=\"content-text__container \" data-track-category=\"Link no Texto\" data-track-links=\"\">Conforme assessoria, o recebimento de mais pacientes segue suspenso at\u00e9 a 0h.<\/p>\n<\/div>\n<\/div>\n<\/div>\n<\/div>\n","protected":false},"excerpt":{"rendered":"<p>Hospital Evang\u00e9lico tem superlota\u00e7\u00e3o em pronto-socorro, em Londrina Segundo o hospital, na manh\u00e3 desta quarta-feira (8), 15 pacientes aguardavam por vaga em UTI geral; Pronto-socorro da<span class=\"excerpt-hellip\"> [?]<\/span><\/p>\n","protected":false},"author":111,"featured_media":9832,"comment_status":"closed","ping_status":"open","sticky":false,"template":"","format":"standard","meta":{"_joinchat":[],"footnotes":""},"categories":[171],"tags":[],"class_list":["post-9829","post","type-post","status-publish","format-standard","has-post-thumbnail","hentry","category-hospital-evangelico"],"_links":{"self":[{"href":"https:\/\/www.inovelondrina.com.br\/agencia\/wp-json\/wp\/v2\/posts\/9829","targetHints":{"allow":["GET"]}}],"collection":[{"href":"https:\/\/www.inovelondrina.com.br\/agencia\/wp-json\/wp\/v2\/posts"}],"about":[{"href":"https:\/\/www.inovelondrina.com.br\/agencia\/wp-json\/wp\/v2\/types\/post"}],"author":[{"embeddable":true,"href":"https:\/\/www.inovelondrina.com.br\/agencia\/wp-json\/wp\/v2\/users\/111"}],"replies":[{"embeddable":true,"href":"https:\/\/www.inovelondrina.com.br\/agencia\/wp-json\/wp\/v2\/comments?post=9829"}],"version-history":[{"count":0,"href":"https:\/\/www.inovelondrina.com.br\/agencia\/wp-json\/wp\/v2\/posts\/9829\/revisions"}],"wp:featuredmedia":[{"embeddable":true,"href":"https:\/\/www.inovelondrina.com.br\/agencia\/wp-json\/wp\/v2\/media\/9832"}],"wp:attachment":[{"href":"https:\/\/www.inovelondrina.com.br\/agencia\/wp-json\/wp\/v2\/media?parent=9829"}],"wp:term":[{"taxonomy":"category","embeddable":true,"href":"https:\/\/www.inovelondrina.com.br\/agencia\/wp-json\/wp\/v2\/categories?post=9829"},{"taxonomy":"post_tag","embeddable":true,"href":"https:\/\/www.inovelondrina.com.br\/agencia\/wp-json\/wp\/v2\/tags?post=9829"}],"curies":[{"name":"wp","href":"https:\/\/api.w.org\/{rel}","templated":true}]}}