{"id":9666,"date":"2021-11-30T08:31:29","date_gmt":"2021-11-30T11:31:29","guid":{"rendered":"https:\/\/www.inovelondrina.com.br\/agencia\/?p=9666"},"modified":"2021-12-01T08:36:42","modified_gmt":"2021-12-01T11:36:42","slug":"londrina-realiza-acao-no-dia-mundial-de-luta-contra-a-aids","status":"publish","type":"post","link":"https:\/\/www.inovelondrina.com.br\/agencia\/londrina-realiza-acao-no-dia-mundial-de-luta-contra-a-aids\/","title":{"rendered":"Londrina realiza a\u00e7\u00e3o no Dia Mundial de luta contra a Aids"},"content":{"rendered":"<div class=\"detail-category row\">\n<h5>SA\u00daDE<\/h5>\n<\/div>\n<h4 class=\"detail-title row\">Londrina realiza a\u00e7\u00e3o preventiva no Dia Mundial de Luta contra a Aids<\/h4>\n<div class=\"detail-resume row\">\n<h6>\u201cEstamos tendo um n\u00famero consider\u00e1vel de pessoas se contaminando durante a pandemia&#8221; &#8211; alerta CTA<\/h6>\n<\/div>\n<div class=\"detail-author row\">\n<h6>Jornalismo Paiquer\u00ea FM News<\/h6>\n<h6>30 Nov 2021<i class=\"ti-time\"><\/i>\u00a013:46Atualizado em:\u00a030\/11\/2021\u00a0\u00e0s\u00a017:19<\/h6>\n<\/div>\n<p>Nesta quarta-feira (1\u00ba de dezembro), ser\u00e1 celebrado o Dia Mundial de Combate \u00e0 AIDS. E, para conscientizar a popula\u00e7\u00e3o sobre as medidas de preven\u00e7\u00e3o \u00e0 doen\u00e7a, a Secretaria Municipal de Sa\u00fade de Londrina promover\u00e1 uma a\u00e7\u00e3o de panfletagem, das 8h \u00e0s 12h, em frente ao Centro de Testagem e Aconselhamento Dr. Bruno Piancastelli Filho (CTA), que fica na Alameda Manoel Ribas, n\u00ba 1, regi\u00e3o central da cidade.<\/p>\n<p>Durante a manh\u00e3, os profissionais de sa\u00fade v\u00e3o entregar panfletos educativos e kits com preservativos e gel lubrificante para quem passar pelo local. \u201cEstamos tendo um n\u00famero consider\u00e1vel de pessoas se contaminando durante a pandemia. Somente de janeiro deste ano at\u00e9 o momento, registramos 204 novos casos positivos para aids em Londrina, sendo 171 homens e 33 mulheres. Temos que divulgar as informa\u00e7\u00f5es para que as pessoas se cuidem, usem medidas preventivas como o preservativo e realizem os testes r\u00e1pidos para evitar o pr\u00f3prio adoecimento e o cont\u00e1gio de terceiros\u201d, disse a dentista do CTA, L\u00e1zara Regina Rezende.<\/p>\n<p>O teste r\u00e1pido para o HIV \u00e9 um importante meio de conten\u00e7\u00e3o da doen\u00e7a e auxilia no diagn\u00f3stico precoce, possibilitando o tratamento e acompanhamento adequado do paciente, com melhor qualidade de vida. Em Londrina, ele \u00e9 ofertado no CTA, em Unidades B\u00e1sicas de Sa\u00fade (UBSs), Cl\u00ednica Psiqui\u00e1trica da Vila Normanda, Hospital Zona Norte, Hospital Zona Sul, Penitenci\u00e1ria Estadual de Londrina (PEL), Maternidade Municipal Lucilla Ballalai, Maternidades do Hospital Universit\u00e1rio, Hospital Evang\u00e9lico, Hospital do Cora\u00e7\u00e3o e Hospital Mater Dei.<\/p>\n<p>Para fazer o teste r\u00e1pido gratuitamente, no CTA, \u00e9 preciso agendar o hor\u00e1rio no site da Prefeitura de Londrina, clicando\u00a0<a href=\"https:\/\/www.londrina.pr.gov.br\/agendamentos\" target=\"_self\" rel=\"noopener\">neste link<\/a>. O agendamento de dia e hor\u00e1rio est\u00e1 sendo realizado exclusivamente pela internet.<\/p>\n<p><a href=\"https:\/\/paiquerefmnews.com.br\/noticia\/londrina-realizara-acao-no-dia-mundial-de-luta-contra-a-aids\">https:\/\/paiquerefmnews.com.br\/noticia\/londrina-realizara-acao-no-dia-mundial-de-luta-contra-a-aids<\/a><\/p>\n<p>&nbsp;<\/p>\n","protected":false},"excerpt":{"rendered":"<p>SA\u00daDE Londrina realiza a\u00e7\u00e3o preventiva no Dia Mundial de Luta contra a Aids \u201cEstamos tendo um n\u00famero consider\u00e1vel de pessoas se contaminando durante a pandemia&#8221; &#8211;<span class=\"excerpt-hellip\"> [?]<\/span><\/p>\n","protected":false},"author":111,"featured_media":8410,"comment_status":"closed","ping_status":"open","sticky":false,"template":"","format":"standard","meta":{"_joinchat":[],"footnotes":""},"categories":[159,171],"tags":[],"class_list":["post-9666","post","type-post","status-publish","format-standard","has-post-thumbnail","hentry","category-clientes","category-hospital-evangelico"],"_links":{"self":[{"href":"https:\/\/www.inovelondrina.com.br\/agencia\/wp-json\/wp\/v2\/posts\/9666","targetHints":{"allow":["GET"]}}],"collection":[{"href":"https:\/\/www.inovelondrina.com.br\/agencia\/wp-json\/wp\/v2\/posts"}],"about":[{"href":"https:\/\/www.inovelondrina.com.br\/agencia\/wp-json\/wp\/v2\/types\/post"}],"author":[{"embeddable":true,"href":"https:\/\/www.inovelondrina.com.br\/agencia\/wp-json\/wp\/v2\/users\/111"}],"replies":[{"embeddable":true,"href":"https:\/\/www.inovelondrina.com.br\/agencia\/wp-json\/wp\/v2\/comments?post=9666"}],"version-history":[{"count":0,"href":"https:\/\/www.inovelondrina.com.br\/agencia\/wp-json\/wp\/v2\/posts\/9666\/revisions"}],"wp:featuredmedia":[{"embeddable":true,"href":"https:\/\/www.inovelondrina.com.br\/agencia\/wp-json\/wp\/v2\/media\/8410"}],"wp:attachment":[{"href":"https:\/\/www.inovelondrina.com.br\/agencia\/wp-json\/wp\/v2\/media?parent=9666"}],"wp:term":[{"taxonomy":"category","embeddable":true,"href":"https:\/\/www.inovelondrina.com.br\/agencia\/wp-json\/wp\/v2\/categories?post=9666"},{"taxonomy":"post_tag","embeddable":true,"href":"https:\/\/www.inovelondrina.com.br\/agencia\/wp-json\/wp\/v2\/tags?post=9666"}],"curies":[{"name":"wp","href":"https:\/\/api.w.org\/{rel}","templated":true}]}}