{"id":9652,"date":"2021-11-29T08:27:22","date_gmt":"2021-11-29T11:27:22","guid":{"rendered":"https:\/\/www.inovelondrina.com.br\/agencia\/?p=9652"},"modified":"2021-11-30T08:33:41","modified_gmt":"2021-11-30T11:33:41","slug":"dia-de-doar-hospital-evangelico-de-londrina-arrecada-alimentos","status":"publish","type":"post","link":"https:\/\/www.inovelondrina.com.br\/agencia\/dia-de-doar-hospital-evangelico-de-londrina-arrecada-alimentos\/","title":{"rendered":"Dia de Doar: Hospital Evang\u00e9lico de Londrina arrecada alimentos"},"content":{"rendered":"<div class=\"nd-grid-row nd-element-section NDo64vvy5\">\n<div class=\"nd-grid-col nd-element-grid-column NDtdu7o0m\">\n<div><img loading=\"lazy\" decoding=\"async\" class=\"alignnone  wp-image-9653\" src=\"https:\/\/www.inovelondrina.com.br\/agencia\/wp-content\/uploads\/2021\/11\/4be2d356b90695c0f49e09d37e2e4bb0-300x169.jpg\" alt=\"\" width=\"433\" height=\"244\" srcset=\"https:\/\/www.inovelondrina.com.br\/agencia\/wp-content\/uploads\/2021\/11\/4be2d356b90695c0f49e09d37e2e4bb0-300x169.jpg 300w, https:\/\/www.inovelondrina.com.br\/agencia\/wp-content\/uploads\/2021\/11\/4be2d356b90695c0f49e09d37e2e4bb0-260x146.jpg 260w, https:\/\/www.inovelondrina.com.br\/agencia\/wp-content\/uploads\/2021\/11\/4be2d356b90695c0f49e09d37e2e4bb0-50x28.jpg 50w, https:\/\/www.inovelondrina.com.br\/agencia\/wp-content\/uploads\/2021\/11\/4be2d356b90695c0f49e09d37e2e4bb0-133x75.jpg 133w, https:\/\/www.inovelondrina.com.br\/agencia\/wp-content\/uploads\/2021\/11\/4be2d356b90695c0f49e09d37e2e4bb0.jpg 700w\" sizes=\"auto, (max-width: 433px) 100vw, 433px\" \/><\/div>\n<div class=\"nd-picture\"><span class=\"img-credit\">Marcos Zanutto\/Grupo Folha<\/span><\/div>\n<div class=\"nd-element-html NDw8dwt71\">\n<div><\/div>\n<\/div>\n<div class=\"nd-element-html NDra7bb8s\">\n<div class=\"overhead-article\">CONFIRA OS POSTOS DE COLETA!<\/div>\n<\/div>\n<h1 class=\"nd-element-textable NDdwoceuu\">Dia de Doar: Hospital Evang\u00e9lico de Londrina arrecada alimentos<\/h1>\n<div class=\"nd-element-html ND9puv3qj\">Reda\u00e7\u00e3o Bonde com Assessoria de Imprensa<\/div>\n<div class=\"NDojd28xc\">29 nov 2021 \u00e0s 14:33<\/div>\n<\/div>\n<\/div>\n<div class=\"nd-grid-row nd-element-section NDdamym75\">\n<div class=\"nd-grid-col nd-element-grid-column NDv8d9rjc\">\n<div class=\"nd-element-textable NDpv5xowq post-content-paragraph\" data-fetch=\"true\">\n<div class=\"ND1638195738492_uid_f8523a14\">\n<div class=\"nd-element-textable NDhzp0iqe\">\n<p>Imagine uma lista de compras mensal como esta: 1.000 litros de leite, 480 quilos de arroz, 50 quilos de a\u00e7\u00facar cristal, 200 quilos de feij\u00e3o, 800 quilos de carnes e 50 quilos de feij\u00e3o. Essa \u00e9 a vers\u00e3o resumida do movimento da despensa do\u00a0<a href=\"https:\/\/www.bonde.com.br\/bondenews\/londrina\/falso-funcionario-do-hospital-evangelico-e-condenado-por-estelionato-apos-aplicar-golpes-em-londrina\" target=\"_blank\" rel=\"noopener\">Hospital\u00a0<\/a>Evang\u00e9lico de Londrina para servir somente os pacientes do SUS (Sistema \u00danico de Sa\u00fade).<\/p>\n<p>Diariamente, s\u00e3o servidas cinco refei\u00e7\u00f5es, que somam mais de 2 toneladas de alimentos a cada m\u00eas. Para fechar a conta, a institui\u00e7\u00e3o precisa da ajuda da comunidade.<\/p>\n<p>O Hospital Evang\u00e9lico aderiu \u00e0 Campanha Mundial Dia de Doar para engajar a comunidade e pede como contribui\u00e7\u00e3o alimentos como arroz, feij\u00e3o, macarr\u00e3o, \u00f3leo, a\u00e7\u00facar e leite de caixinha, que dever\u00e3o ser entregues nos postos de coleta (lista completa abaixo), para serem usados pela cozinha do centro de Sa\u00fade.<\/p>\n<p data-fetch=\"true\">Originado nos Estados Unidos, o GivingTuesday \u00e9 realizado sempre na ter\u00e7a-feira ap\u00f3s o Dia de A\u00e7\u00e3o de Gra\u00e7as, para promover a generosidade e um mundo mais solid\u00e1rio. Em 2021, a data ser\u00e1 em 30 de novembro, mas a a\u00e7\u00e3o do Hospital Evang\u00e9lico se estender\u00e1 at\u00e9 o dia 15 de dezembro.<\/p>\n<div class=\"ppBoxIntexts\">\n<div class=\"pp-box-adunit pp-ad-loading pp-type-intext\">\n<div class=\"pp-adunit\">\n<div class=\"pp-ad\">\n<div id=\"P_BONDE_INTEXT_02_0\" data-premium=\"\" data-adunit=\"BONDE_INTEXT_02\" data-sizes-mobile=\"[[300,250]]\" data-sizes-desktop=\"[[300,250]]\" data-type=\"intext\" data-fetch=\"true\" data-google-query-id=\"COW2kcf9v_QCFTWNlQId3DYOXw\">\n<div id=\"google_ads_iframe_\/5990085\/BONDE_INTEXT_02_0__container__\">Para mais informa\u00e7\u00f5es ou <a href=\"https:\/\/www.bonde.com.br\/saude\/noticias\/hemocentro-regional-de-londrina-convoca-comunidade-para-doacao-de-sangue\" target=\"_blank\" rel=\"noopener\">doa\u00e7\u00f5es\u00a0<\/a>em grandes quantidades, deve-se entrar em contato pelas redes sociais,\u00a0<a href=\"https:\/\/www.helondrina.org.br\/\" target=\"_blank\" rel=\"noopener\">pelo site\u00a0<\/a>ou pelo WhatsApp (43) 3378-1201.<\/div>\n<\/div>\n<\/div>\n<\/div>\n<\/div>\n<\/div>\n<p><b>D\u00e9ficit &#8211;<\/b>\u00a0Com mais de 60% dos seus atendimentos destinados ao SUS e por se tratar de um hospital filantr\u00f3pico, h\u00e1 um d\u00e9ficit nas contas. Isso porque o governo remunera apenas parte dos custos dos procedimentos.<\/p>\n<p data-fetch=\"true\">\u201cA cada R$ 100 que o paciente gasta, o hospital recebe somente R$ 60. Por isso, a doa\u00e7\u00e3o ajuda que a institui\u00e7\u00e3o mantenha o seu equil\u00edbrio financeiro\u201d, explica a assistente social Andressa de Lucio, da \u00e1rea de rela\u00e7\u00f5es institucionais do HE (Hospital Evang\u00e9lico).<\/p>\n<div class=\"ppBoxIntexts\">\n<div class=\"pp-box-adunit pp-ad-loading pp-type-intext\">\n<div class=\"pp-adunit\">\n<div class=\"pp-ad\">\n<div id=\"P_BONDE_INTEXT_03_0\" data-premium=\"\" data-adunit=\"BONDE_INTEXT_03\" data-sizes-mobile=\"[[300,250]]\" data-sizes-desktop=\"[[300,250]]\" data-type=\"intext\" data-fetch=\"true\" data-google-query-id=\"COe2kcf9v_QCFTWNlQId3DYOXw\">\n<div id=\"google_ads_iframe_\/5990085\/BONDE_INTEXT_03_0__container__\">\n<p>Mesmo assim, o HE Londrina \u00e9 refer\u00eancia regional para atendimentos de alta complexidade, urg\u00eancia e emerg\u00eancia. Realiza atendimentos intensivos a pacientes graves em seus 66 leitos de UTI (Unidade de Terapia Intensiva) &#8211; 56 adultos e 10 neo-pedi\u00e1tricos.<\/p>\n<p>Possui uma maternidade refer\u00eancia em gesta\u00e7\u00f5es de alto risco, realizando o acompanhamento pr\u00e9-natal de todas as pacientes SUS em sua unidade de apoio ambulatorial.<\/p>\n<p><b>Confira abaixo a lista de postos de coleta para doa\u00e7\u00f5es de alimentos:<\/b><\/p>\n<p>Hospital Evang\u00e9lico Londrina<\/p>\n<p>Avenida Bandeirantes 618, Vila Ipiranga, Londrina.<\/p>\n<p>Supermercado Musamar<\/p>\n<p>Rua Pio XII 626, Centro, Londrina.<\/p>\n<p data-fetch=\"true\">Rua Senador Souza Naves 167, Centro, Londrina.<\/p>\n<div class=\"ppBoxIntexts\">\n<div class=\"pp-box-adunit pp-ad-loading pp-type-intext\">\n<div class=\"pp-adunit\">\n<div class=\"pp-ad\">\n<div id=\"P_BONDE_INTEXT_04_0\" data-premium=\"\" data-adunit=\"BONDE_INTEXT_04\" data-sizes-mobile=\"[[300,250]]\" data-sizes-desktop=\"[[300,250]]\" data-type=\"intext\" data-fetch=\"true\" data-google-query-id=\"COm2kcf9v_QCFTWNlQId3DYOXw\">\n<p>Rua Pernambuco 785, Centro, Londrina.<\/p>\n<p>Almeida Mercados<\/p>\n<p>Shopping Armaz\u00e9m da Moda. Rua Ara\u00e7atuba 218, Parque Alvorada, Londrina.<\/p>\n<p>Avenida Santos Dumont 518 A, Centro, Ibipor\u00e3.<\/p>\n<p>Supermercados Viscardi<\/p>\n<p>Rua Guapor\u00e9 784, Jardim Palmares, Londrina.<\/p>\n<p>Avenida Winston Churchill 1310, Coliseu, Londrina.<\/p>\n<p>Avenida Celso Garcia Cid 658, Centro, Londrina.<\/p>\n<p>Rua Eduardo Benjamin Hosken 86, Concei\u00e7\u00e3o, Londrina.<\/p>\n<p data-fetch=\"true\">Avenida Inglaterra 505, Igap\u00f3, Londrina.<\/p>\n<div class=\"ppBoxIntexts\">\n<div class=\"pp-box-adunit pp-ad-loading pp-type-intext\">\n<div class=\"pp-adunit\">\n<div class=\"pp-ad\">\n<div id=\"P_BONDE_INTEXT_05_0\" data-premium=\"\" data-adunit=\"BONDE_INTEXT_05\" data-sizes-mobile=\"[[300,250]]\" data-sizes-desktop=\"[[300,250]]\" data-type=\"intext\" data-fetch=\"true\" data-google-query-id=\"COu2kcf9v_QCFTWNlQId3DYOXw\">\n<p>Supermercado Santa \u00c2ngela<\/p>\n<p>Avenida Ant\u00f4nio Raminelli 944<\/p>\n<\/div>\n<\/div>\n<\/div>\n<\/div>\n<\/div>\n<\/div>\n<\/div>\n<\/div>\n<\/div>\n<\/div>\n<\/div>\n<\/div>\n<\/div>\n<\/div>\n<\/div>\n<div class=\"pp-box-adunit pp-ad-loading pp-type-intext\">\n<div class=\"pp-adunit\">\n<div class=\"pp-ad\">\n<div id=\"P_BONDE_INTEXT_03_1\" data-premium=\"\" data-adunit=\"BONDE_INTEXT_03\" data-sizes-mobile=\"[[300,250]]\" data-sizes-desktop=\"[[300,250]]\" data-type=\"intext\" data-fetch=\"true\" data-google-query-id=\"COi2kcf9v_QCFTWNlQId3DYOXw\"><a href=\"https:\/\/www.bonde.com.br\/bondenews\/londrina\/dia-de-doar-hospital-evangelico-de-londrina-arrecada-alimentos\">https:\/\/www.bonde.com.br\/bondenews\/londrina\/dia-de-doar-hospital-evangelico-de-londrina-arrecada-alimentos<\/a><\/div>\n<\/div>\n<\/div>\n<\/div>\n<\/div>\n<\/div>\n<\/div>\n<\/div>\n<\/div>\n<\/div>\n","protected":false},"excerpt":{"rendered":"<p>Marcos Zanutto\/Grupo Folha CONFIRA OS POSTOS DE COLETA! Dia de Doar: Hospital Evang\u00e9lico de Londrina arrecada alimentos Reda\u00e7\u00e3o Bonde com Assessoria de Imprensa 29 nov 2021<span class=\"excerpt-hellip\"> [?]<\/span><\/p>\n","protected":false},"author":111,"featured_media":4451,"comment_status":"closed","ping_status":"open","sticky":false,"template":"","format":"standard","meta":{"_joinchat":[],"footnotes":""},"categories":[159,171],"tags":[],"class_list":["post-9652","post","type-post","status-publish","format-standard","has-post-thumbnail","hentry","category-clientes","category-hospital-evangelico"],"_links":{"self":[{"href":"https:\/\/www.inovelondrina.com.br\/agencia\/wp-json\/wp\/v2\/posts\/9652","targetHints":{"allow":["GET"]}}],"collection":[{"href":"https:\/\/www.inovelondrina.com.br\/agencia\/wp-json\/wp\/v2\/posts"}],"about":[{"href":"https:\/\/www.inovelondrina.com.br\/agencia\/wp-json\/wp\/v2\/types\/post"}],"author":[{"embeddable":true,"href":"https:\/\/www.inovelondrina.com.br\/agencia\/wp-json\/wp\/v2\/users\/111"}],"replies":[{"embeddable":true,"href":"https:\/\/www.inovelondrina.com.br\/agencia\/wp-json\/wp\/v2\/comments?post=9652"}],"version-history":[{"count":0,"href":"https:\/\/www.inovelondrina.com.br\/agencia\/wp-json\/wp\/v2\/posts\/9652\/revisions"}],"wp:featuredmedia":[{"embeddable":true,"href":"https:\/\/www.inovelondrina.com.br\/agencia\/wp-json\/wp\/v2\/media\/4451"}],"wp:attachment":[{"href":"https:\/\/www.inovelondrina.com.br\/agencia\/wp-json\/wp\/v2\/media?parent=9652"}],"wp:term":[{"taxonomy":"category","embeddable":true,"href":"https:\/\/www.inovelondrina.com.br\/agencia\/wp-json\/wp\/v2\/categories?post=9652"},{"taxonomy":"post_tag","embeddable":true,"href":"https:\/\/www.inovelondrina.com.br\/agencia\/wp-json\/wp\/v2\/tags?post=9652"}],"curies":[{"name":"wp","href":"https:\/\/api.w.org\/{rel}","templated":true}]}}