{"id":9633,"date":"2021-11-16T18:10:43","date_gmt":"2021-11-16T21:10:43","guid":{"rendered":"https:\/\/www.inovelondrina.com.br\/agencia\/?p=9633"},"modified":"2021-11-28T18:47:52","modified_gmt":"2021-11-28T21:47:52","slug":"hospital-evangelico-de-londrina-promove-dia-de-doar-veja-como-ajudar","status":"publish","type":"post","link":"https:\/\/www.inovelondrina.com.br\/agencia\/hospital-evangelico-de-londrina-promove-dia-de-doar-veja-como-ajudar\/","title":{"rendered":"Hospital Evang\u00e9lico de Londrina promove Dia de Doar, veja como ajudar"},"content":{"rendered":"<h5 class=\"content-head__title\">Hospital Evang\u00e9lico de Londrina promove Dia de Doar, veja como ajudar<\/h5>\n<div class=\"row content-head featured \">\n<div class=\"medium-centered subtitle\">\n<h6 class=\"content-head__subtitle\">A\u00e7\u00e3o surgiu nos Estados Unidos e acontece sempre na ter\u00e7a-feira ap\u00f3s o dia de A\u00e7\u00e3o de Gra\u00e7as. Neste ano, o pedido do hospital \u00e9 simples: doe alimentos aos pacientes SUS<\/h6>\n<\/div>\n<\/div>\n<div class=\"content__signa-share\">\n<div class=\"content__signature\">\n<div class=\"content-publication-data\">\n<div class=\"content-publication-data__logo content-publication-data__logo--circle\"><a href=\"https:\/\/www.helondrina.org.br\/\" target=\"_blank\" rel=\"noopener\"><img decoding=\"async\" class=\"i-amphtml-fill-content i-amphtml-replaced-content\" src=\"https:\/\/s2.glbimg.com\/dEwKeFZAmryS_UaD90JhX3QgE1E=\/48x48\/smart\/filters:strip_icc()\/s2.glbimg.com\/tWlu0HEXEKGbB7v0KNq70S-wGuI%3D\/600x0\/filters%3Aquality%2870%29\/i.s3.glbimg.com\/v1\/AUTH_59edd422c0c84a879bd37670ae4f538a\/internal_photos\/bs\/2021\/v\/I\/cq0AhBQWGE4FfkurJttA\/logo-he-informe-g1-150x150px.png\" alt=\"TOPO\" \/><\/a><\/div>\n<div class=\"content-publication-data__text\">\n<p class=\"content-publication-data__from\" title=\"Hospital Evang\u00e9lico de Londrina\">Por Hospital Evang\u00e9lico de Londrina<\/p>\n<p class=\"content-publication-data__updated\">16\/11\/2021 16h12<\/p>\n<p><img loading=\"lazy\" decoding=\"async\" class=\"alignnone size-medium wp-image-9634\" src=\"https:\/\/www.inovelondrina.com.br\/agencia\/wp-content\/uploads\/2021\/11\/informe-he-g1-imagem-principal-300x150.jpg\" alt=\"\" width=\"300\" height=\"150\" srcset=\"https:\/\/www.inovelondrina.com.br\/agencia\/wp-content\/uploads\/2021\/11\/informe-he-g1-imagem-principal-300x150.jpg 300w, https:\/\/www.inovelondrina.com.br\/agencia\/wp-content\/uploads\/2021\/11\/informe-he-g1-imagem-principal-800x400.jpg 800w, https:\/\/www.inovelondrina.com.br\/agencia\/wp-content\/uploads\/2021\/11\/informe-he-g1-imagem-principal-768x384.jpg 768w, https:\/\/www.inovelondrina.com.br\/agencia\/wp-content\/uploads\/2021\/11\/informe-he-g1-imagem-principal-260x130.jpg 260w, https:\/\/www.inovelondrina.com.br\/agencia\/wp-content\/uploads\/2021\/11\/informe-he-g1-imagem-principal-50x25.jpg 50w, https:\/\/www.inovelondrina.com.br\/agencia\/wp-content\/uploads\/2021\/11\/informe-he-g1-imagem-principal-150x75.jpg 150w, https:\/\/www.inovelondrina.com.br\/agencia\/wp-content\/uploads\/2021\/11\/informe-he-g1-imagem-principal.jpg 924w\" sizes=\"auto, (max-width: 300px) 100vw, 300px\" \/><\/p>\n<div class=\"mc-column content-text active-extra-styles active-capital-letter\" data-block-type=\"unstyled\" data-block-weight=\"85\" data-block-id=\"2\">\n<p class=\"content-text__container theme-color-primary-first-letter\" data-track-category=\"Link no Texto\" data-track-links=\"\">O Hospital Evang\u00e9lico de Londrina surgiu em 1948, com a miss\u00e3o de mudar realidades e transformar vidas. Filantr\u00f3pico e sem fins lucrativos, sua relev\u00e2ncia estende-se por toda a regi\u00e3o metropolitana de Londrina, alcan\u00e7ando tamb\u00e9m outros estados do pa\u00eds. Seu desempenho em procedimentos de alta complexidade \u00e9 um destaque, sendo mais de 60% dos atendimentos destinados ao Sistema \u00danico de Sa\u00fade (SUS). Guiado pela busca constante por excel\u00eancia assistencial, conta com uma infraestrutura diferenciada, equipe competente e corpo cl\u00ednico composto por 800 m\u00e9dicos de diferentes especialidades.<\/p>\n<\/div>\n<div class=\"wall protected-content\">\n<div class=\"mc-column content-text active-extra-styles \" data-block-type=\"unstyled\" data-block-weight=\"64\" data-block-id=\"3\">\n<p class=\"content-text__container \" data-track-category=\"Link no Texto\" data-track-links=\"\">Este ano o hospital aderiu \u00e0 Campanha Mundial GivingTuesday &#8211; Dia de Doar, que surgiu nos Estados Unidos e acontece sempre na ter\u00e7a-feira ap\u00f3s o Dia de A\u00e7\u00e3o de Gra\u00e7as, para promover a generosidade e um mundo mais solid\u00e1rio. Em 2021 o Dia de Doar ser\u00e1 em 30 de novembro, mas a a\u00e7\u00e3o do HE Londrina se estender\u00e1 at\u00e9 o dia 15 de dezembro.<\/p>\n<\/div>\n<div class=\"mc-column content-text active-extra-styles \" data-block-type=\"unstyled\" data-block-weight=\"6\" data-block-id=\"4\">\n<p class=\"content-text__container \" data-track-category=\"Link no Texto\" data-track-links=\"\"><strong>Nosso pedido \u00e9 simples: Doe Alimentos!<\/strong><\/p>\n<\/div>\n<div class=\"mc-column content-text active-extra-styles \" data-block-type=\"unstyled\" data-block-weight=\"52\" data-block-id=\"5\">\n<p class=\"content-text__container \" data-track-category=\"Link no Texto\" data-track-links=\"\">Os pacientes SUS consomem, em m\u00e9dia, 2 toneladas de alimentos n\u00e3o perec\u00edveis por m\u00eas, custeados totalmente pela institui\u00e7\u00e3o. Portanto, o Dia de Doar 2021 foca nesta necessidade e convida toda a comunidade a contribuir doando alimentos como arroz, feij\u00e3o, macarr\u00e3o, \u00f3leo, a\u00e7\u00facar e leite de caixinha, que s\u00e3o os mais consumidos.<\/p>\n<\/div>\n<div class=\"mc-column content-text active-extra-styles \" data-block-type=\"unstyled\" data-block-weight=\"65\" data-block-id=\"7\">\n<p class=\"content-text__container \" data-track-category=\"Link no Texto\" data-track-links=\"\">Voc\u00ea pode direcionar sua doa\u00e7\u00e3o diretamente \u00e0 institui\u00e7\u00e3o, deixando-a na recep\u00e7\u00e3o do hospital no per\u00edodo da campanha. Tamb\u00e9m poder\u00e1 contribuir diretamente em alguns supermercados da cidade, que apoiar\u00e3o a a\u00e7\u00e3o com pontos de coleta no dia 30 de novembro.Todos podem ser multiplicadores desta a\u00e7\u00e3o compartilhando o pedido em suas redes sociais, ou convidando parentes, amigos e colegas de trabalho para participarem desta rede de doa\u00e7\u00e3o.<\/p>\n<div class=\"mid-mc-placeholder\"><\/div>\n<\/div>\n<div class=\"mc-column content-text active-extra-styles \" data-block-type=\"unstyled\" data-block-weight=\"1\" data-block-id=\"8\">\n<p class=\"content-text__container \" data-track-category=\"Link no Texto\" data-track-links=\"\"><strong>Filantropia<\/strong><\/p>\n<\/div>\n<div class=\"mc-column content-text active-extra-styles \" data-block-type=\"unstyled\" data-block-weight=\"66\" data-block-id=\"9\">\n<p class=\"content-text__container \" data-track-category=\"Link no Texto\" data-track-links=\"\">O Hospital Evang\u00e9lico de Londrina destina mais de 60% dos seus atendimentos ao Sistema \u00danico de Sa\u00fade \u2013 SUS. Seu intuito \u00e9 ajudar a promover o acesso universal \u00e0 sa\u00fade, como preconiza a nossa constitui\u00e7\u00e3o. Entretanto, a tabela do SUS remunera apenas parte dos custos dos procedimentos. Com um d\u00e9ficit de 40% no repasse de custos assistenciais, o desafio constante \u00e9 o equil\u00edbrio financeiro da institui\u00e7\u00e3o.<\/p>\n<\/div>\n<div class=\"mc-column content-text active-extra-styles \" data-block-type=\"unstyled\" data-block-weight=\"62\" data-block-id=\"10\">\n<p class=\"content-text__container \" data-track-category=\"Link no Texto\" data-track-links=\"\">Mesmo assim, o HE Londrina \u00e9 refer\u00eancia regional para atendimentos de alta complexidade, urg\u00eancia e emerg\u00eancia. Realiza atendimentos intensivos a pacientes graves em seus 66 leitos de Unidade de Terapia Intensiva (UTI) &#8211; 56 adultos e 10 neo-pedi\u00e1tricos. Possui uma maternidade refer\u00eancia em gesta\u00e7\u00f5es de alto risco, realizando o acompanhamento pr\u00e9-Natal de todas as pacientes SUS em sua unidade de apoio ambulatorial.<\/p>\n<\/div>\n<div class=\"mc-column content-text active-extra-styles \" data-block-type=\"unstyled\" data-block-weight=\"47\" data-block-id=\"11\">\n<p class=\"content-text__container \" data-track-category=\"Link no Texto\" data-track-links=\"\">As g\u00eameas Mariana e Isabela nasceram no Hospital Evang\u00e9lico de Londrina e, desde beb\u00eas, entendem a import\u00e2ncia de ajudar. As pequenas nasceram prematuras, passaram pelos cuidados da UTI Neonatal e hoje ajudam o HE Londrina vendendo artesanatos em mi\u00e7anga, que fazem para desenvolver a coordena\u00e7\u00e3o motora fina.<\/p>\n<\/div>\n<div class=\"content-ads content-ads--reveal\" data-block-type=\"ads\" data-block-id=\"12\"><img loading=\"lazy\" decoding=\"async\" class=\"alignnone size-medium wp-image-9635\" src=\"https:\/\/www.inovelondrina.com.br\/agencia\/wp-content\/uploads\/2021\/11\/informe-he-g1-imagem-2-300x201.jpg\" alt=\"\" width=\"300\" height=\"201\" srcset=\"https:\/\/www.inovelondrina.com.br\/agencia\/wp-content\/uploads\/2021\/11\/informe-he-g1-imagem-2-300x201.jpg 300w, https:\/\/www.inovelondrina.com.br\/agencia\/wp-content\/uploads\/2021\/11\/informe-he-g1-imagem-2-800x537.jpg 800w, https:\/\/www.inovelondrina.com.br\/agencia\/wp-content\/uploads\/2021\/11\/informe-he-g1-imagem-2-768x515.jpg 768w, https:\/\/www.inovelondrina.com.br\/agencia\/wp-content\/uploads\/2021\/11\/informe-he-g1-imagem-2-218x146.jpg 218w, https:\/\/www.inovelondrina.com.br\/agencia\/wp-content\/uploads\/2021\/11\/informe-he-g1-imagem-2-50x34.jpg 50w, https:\/\/www.inovelondrina.com.br\/agencia\/wp-content\/uploads\/2021\/11\/informe-he-g1-imagem-2-112x75.jpg 112w, https:\/\/www.inovelondrina.com.br\/agencia\/wp-content\/uploads\/2021\/11\/informe-he-g1-imagem-2.jpg 984w\" sizes=\"auto, (max-width: 300px) 100vw, 300px\" \/><\/div>\n<\/div>\n<div data-block-type=\"ads\" data-block-id=\"12\">\n<div class=\"mc-column content-text active-extra-styles \" data-block-type=\"unstyled\" data-block-weight=\"97\" data-block-id=\"14\">\n<p class=\"content-text__container \" data-track-category=\"Link no Texto\" data-track-links=\"\">A m\u00e3e Loriane conta que as meninas nasceram prematuras extremas, com 28 semanas de gesta\u00e7\u00e3o, e ficaram mais de dois meses na UTI Neo do Hospital Evang\u00e9lico de Londrina. &#8220;Foram dias muito dif\u00edceis, mas o hospital nos proporcionou todo aux\u00edlio, al\u00e9m da viv\u00eancia com outros pais, se solidarizando um com a dor do outro. \u00c9 de grande gratid\u00e3o as meninas terem nascido num hospital que n\u00e3o mediu esfor\u00e7os para sua recupera\u00e7\u00e3o, e hoje tenho muito orgulho em ver minhas filhas mesmo t\u00e3o pequenas vivendo o voluntariado e praticando a solidariedade, como forma de agradecer pelas suas vidas&#8221;.<\/p>\n<\/div>\n<div class=\"mc-column content-text active-extra-styles \" data-block-type=\"unstyled\" data-block-weight=\"29\" data-block-id=\"15\">\n<p class=\"content-text__container \" data-track-category=\"Link no Texto\" data-track-links=\"\"><span class=\"highlight highlighted\">Participe do Dia de Doar! Para mais informa\u00e7\u00f5es, acesse as redes sociais do HE Londrina,\u00a0<\/span><a href=\"http:\/\/www.helondrina.org.br\/\" target=\"_blank\" rel=\"noopener\"><span class=\"highlight highlighted\">www.helondrina.org.br\u00a0<\/span><\/a><span class=\"highlight highlighted\">ou entre em contato com o setor de Rela\u00e7\u00f5es Institucionais, pelo WhatsApp (43)3378-1201.<\/span><\/p>\n<\/div>\n<\/div>\n<div class=\"wall protected-content\">\n<div class=\"row medium-uncollapsed content-media content-photo\" data-block-type=\"backstage-photo\" data-block-id=\"13\">\n<div class=\"mc-column content-media__container\">\n<div class=\"content-media-container glb-skeleton-box\"><\/div>\n<\/div>\n<\/div>\n<\/div>\n<\/div>\n<\/div>\n<\/div>\n<\/div>\n","protected":false},"excerpt":{"rendered":"<p>Hospital Evang\u00e9lico de Londrina promove Dia de Doar, veja como ajudar A\u00e7\u00e3o surgiu nos Estados Unidos e acontece sempre na ter\u00e7a-feira ap\u00f3s o dia de A\u00e7\u00e3o<span class=\"excerpt-hellip\"> [?]<\/span><\/p>\n","protected":false},"author":111,"featured_media":7144,"comment_status":"closed","ping_status":"open","sticky":false,"template":"","format":"standard","meta":{"_joinchat":[],"footnotes":""},"categories":[159,171],"tags":[],"class_list":["post-9633","post","type-post","status-publish","format-standard","has-post-thumbnail","hentry","category-clientes","category-hospital-evangelico"],"_links":{"self":[{"href":"https:\/\/www.inovelondrina.com.br\/agencia\/wp-json\/wp\/v2\/posts\/9633","targetHints":{"allow":["GET"]}}],"collection":[{"href":"https:\/\/www.inovelondrina.com.br\/agencia\/wp-json\/wp\/v2\/posts"}],"about":[{"href":"https:\/\/www.inovelondrina.com.br\/agencia\/wp-json\/wp\/v2\/types\/post"}],"author":[{"embeddable":true,"href":"https:\/\/www.inovelondrina.com.br\/agencia\/wp-json\/wp\/v2\/users\/111"}],"replies":[{"embeddable":true,"href":"https:\/\/www.inovelondrina.com.br\/agencia\/wp-json\/wp\/v2\/comments?post=9633"}],"version-history":[{"count":0,"href":"https:\/\/www.inovelondrina.com.br\/agencia\/wp-json\/wp\/v2\/posts\/9633\/revisions"}],"wp:featuredmedia":[{"embeddable":true,"href":"https:\/\/www.inovelondrina.com.br\/agencia\/wp-json\/wp\/v2\/media\/7144"}],"wp:attachment":[{"href":"https:\/\/www.inovelondrina.com.br\/agencia\/wp-json\/wp\/v2\/media?parent=9633"}],"wp:term":[{"taxonomy":"category","embeddable":true,"href":"https:\/\/www.inovelondrina.com.br\/agencia\/wp-json\/wp\/v2\/categories?post=9633"},{"taxonomy":"post_tag","embeddable":true,"href":"https:\/\/www.inovelondrina.com.br\/agencia\/wp-json\/wp\/v2\/tags?post=9633"}],"curies":[{"name":"wp","href":"https:\/\/api.w.org\/{rel}","templated":true}]}}