{"id":9626,"date":"2021-11-22T17:57:54","date_gmt":"2021-11-22T20:57:54","guid":{"rendered":"https:\/\/www.inovelondrina.com.br\/agencia\/?p=9626"},"modified":"2021-11-28T18:00:29","modified_gmt":"2021-11-28T21:00:29","slug":"novembro-roxo-pediatra-fala-de-atencao-redobrada-para-os-cuidados-com-bebes-prematuros","status":"publish","type":"post","link":"https:\/\/www.inovelondrina.com.br\/agencia\/novembro-roxo-pediatra-fala-de-atencao-redobrada-para-os-cuidados-com-bebes-prematuros\/","title":{"rendered":"Novembro roxo: pediatra fala de aten\u00e7\u00e3o redobrada para os cuidados com beb\u00eas prematuros"},"content":{"rendered":"<div class=\"nd-grid-row nd-element-section NDo64vvy5\">\n<h5 class=\"nd-grid-col nd-element-grid-column NDtdu7o0m\">Novembro roxo: pediatra fala de aten\u00e7\u00e3o redobrada para os cuidados com beb\u00eas prematuros<\/h5>\n<div class=\"nd-element-html ND9puv3qj\">Micaela Orikasa\/Grupo FOLHA<\/div>\n<div class=\"NDojd28xc\">22 nov 2021 \u00e0s 11:31<\/div>\n<\/div>\n<div class=\"nd-grid-row nd-element-section NDdamym75\">\n<div class=\"nd-grid-col nd-element-grid-column NDv8d9rjc\">\n<div class=\"nd-element-textable NDpv5xowq post-content-paragraph\" data-fetch=\"true\">\n<div class=\"ND1637580318918_uid_068794cd\">\n<div class=\"nd-element-textable NDhqepawg\">\n<p>Cor da sensibilidade e da individualidade, o roxo d\u00e1 o tom para uma campanha mundial, simbolizando a causa da prematuridade.<\/p>\n<p>Em 2021, o tema do\u00a0<a href=\"https:\/\/www.bonde.com.br\/saude\/pais-e-bebes-prematuros-devem-ficar-juntos-defende-campanha\" target=\"_self\" rel=\"noopener\">Novembro Roxo\u00a0<\/a>\u201cSepara\u00e7\u00e3o zero \u2013 Aja agora! Mantenha pais e beb\u00eas prematuros juntos\u201d busca sensibilizar fam\u00edlias, profissionais e institui\u00e7\u00f5es de sa\u00fade para a import\u00e2ncia do contato entre pais e beb\u00eas, assim como do pr\u00e9-natal e dos cuidados intensivos.<\/p>\n<p>\u201cOs cuidados intensivos s\u00e3o muito importantes para a sobrevida desses beb\u00eas. Eles s\u00e3o monitorados 24 horas, com toque m\u00ednimo para a administra\u00e7\u00e3o das medica\u00e7\u00f5es e h\u00e1 um controle na temperatura das incubadoras. O sil\u00eancio do ambiente hospitalar tamb\u00e9m \u00e9 fundamental, assim como a presen\u00e7a dos pais sempre que poss\u00edvel\u201d, afirma a pediatra Luana Takeda Imamura,\u00a0 que atua na maternidade do Hospital Evang\u00e9lico de Londrina.<\/p>\n<p>A prematuridade \u00e9 a principal causa mundial de mortalidade infantil antes dos cinco anos. Ao redor do mundo, um a cada 10 beb\u00eas nasce antes das 37 semanas de gesta\u00e7\u00e3o. Saiba mais na\u00a0<a href=\"https:\/\/www.folhadelondrina.com.br\/saude\/novembro-roxo-atencao-redobrada-para-os-cuidados-com-bebes-prematuros-3133012e.html\" target=\"_self\" rel=\"noopener\">Folha de Londrina<\/a>.<\/p>\n<\/div>\n<\/div>\n<\/div>\n<\/div>\n<\/div>\n","protected":false},"excerpt":{"rendered":"<p>Novembro roxo: pediatra fala de aten\u00e7\u00e3o redobrada para os cuidados com beb\u00eas prematuros Micaela Orikasa\/Grupo FOLHA 22 nov 2021 \u00e0s 11:31 Cor da sensibilidade e da<span class=\"excerpt-hellip\"> [?]<\/span><\/p>\n","protected":false},"author":111,"featured_media":4451,"comment_status":"closed","ping_status":"open","sticky":false,"template":"","format":"standard","meta":{"_joinchat":[],"footnotes":""},"categories":[159,171],"tags":[],"class_list":["post-9626","post","type-post","status-publish","format-standard","has-post-thumbnail","hentry","category-clientes","category-hospital-evangelico"],"_links":{"self":[{"href":"https:\/\/www.inovelondrina.com.br\/agencia\/wp-json\/wp\/v2\/posts\/9626","targetHints":{"allow":["GET"]}}],"collection":[{"href":"https:\/\/www.inovelondrina.com.br\/agencia\/wp-json\/wp\/v2\/posts"}],"about":[{"href":"https:\/\/www.inovelondrina.com.br\/agencia\/wp-json\/wp\/v2\/types\/post"}],"author":[{"embeddable":true,"href":"https:\/\/www.inovelondrina.com.br\/agencia\/wp-json\/wp\/v2\/users\/111"}],"replies":[{"embeddable":true,"href":"https:\/\/www.inovelondrina.com.br\/agencia\/wp-json\/wp\/v2\/comments?post=9626"}],"version-history":[{"count":0,"href":"https:\/\/www.inovelondrina.com.br\/agencia\/wp-json\/wp\/v2\/posts\/9626\/revisions"}],"wp:featuredmedia":[{"embeddable":true,"href":"https:\/\/www.inovelondrina.com.br\/agencia\/wp-json\/wp\/v2\/media\/4451"}],"wp:attachment":[{"href":"https:\/\/www.inovelondrina.com.br\/agencia\/wp-json\/wp\/v2\/media?parent=9626"}],"wp:term":[{"taxonomy":"category","embeddable":true,"href":"https:\/\/www.inovelondrina.com.br\/agencia\/wp-json\/wp\/v2\/categories?post=9626"},{"taxonomy":"post_tag","embeddable":true,"href":"https:\/\/www.inovelondrina.com.br\/agencia\/wp-json\/wp\/v2\/tags?post=9626"}],"curies":[{"name":"wp","href":"https:\/\/api.w.org\/{rel}","templated":true}]}}