{"id":9482,"date":"2021-10-27T11:01:17","date_gmt":"2021-10-27T14:01:17","guid":{"rendered":"https:\/\/www.inovelondrina.com.br\/agencia\/?p=9482"},"modified":"2021-11-01T11:04:01","modified_gmt":"2021-11-01T14:04:01","slug":"hospital-evangelico-de-londrina-precisa-de-potes-de-vidro-para-guardar-leite-materno","status":"publish","type":"post","link":"https:\/\/www.inovelondrina.com.br\/agencia\/hospital-evangelico-de-londrina-precisa-de-potes-de-vidro-para-guardar-leite-materno\/","title":{"rendered":"Hospital Evang\u00e9lico de Londrina precisa de potes de vidro para guardar leite materno"},"content":{"rendered":"<div class=\"single_topo\">\n<div class=\"single_topo_info\">\n<h5 class=\"display\">HOSPITAL EVANG\u00c9LICO DE LONDRINA PRECISA DE POTES DE VIDRO PARA GUARDAR LEITE MATERNO<\/h5>\n<div class=\"post_gravata\">\n<p>\u201cOs ideais s\u00e3o aqueles que guardam caf\u00e9-sol\u00favel, mas potes de palmito, por exemplo, tamb\u00e9m servem. Podemos fazer a compra de tampas de pl\u00e1stico. O importante \u00e9 ser de vidro\u201d, explica a supervisora de nutri\u00e7\u00e3o cl\u00ednica da institui\u00e7\u00e3o<\/p>\n<\/div>\n<\/div>\n<\/div>\n<div class=\"single_info single_info_padrao flex align-center\">\n<div class=\"single_autor flex align-center\">\n<div class=\"single_autor_info\"><strong>Reda\u00e7\u00e3o RIC Mais<\/strong><button class=\"post_maior\"><\/button><\/div>\n<\/div>\n<\/div>\n<article class=\"single_content\" data-fetch=\"true\">\n<p data-fetch=\"true\">O<strong>\u00a0Hospital Evang\u00e9lico de Londrina<\/strong>\u00a0(HE), no norte do Paran\u00e1, est\u00e1 pedindo a doa\u00e7\u00e3o de\u00a0<strong>potes de vidro com tampas de pl\u00e1stico<\/strong>\u00a0para guardar o\u00a0<strong>leite materno<\/strong>\u00a0das volunt\u00e1rias do lact\u00e1rio. Os recipientes s\u00e3o os ideais para o armazenamento do l\u00edquido que ser\u00e1 destinado a crian\u00e7as cujas m\u00e3es n\u00e3o conseguem produzir leite.<\/p>\n<div class=\"single_mover\">\n<figure><img decoding=\"async\" src=\"https:\/\/static.ricmais.com.br\/uploads\/2021\/10\/pote-leite-materno-he-2-900x600.jpeg\" alt=\"Hospital Evang\u00e9lico de Londrina precisa de potes de vidro para guardar leite materno\" \/><\/figure>\n<p>(Foto: Reprodu\u00e7\u00e3o)<\/p>\n<div class=\"single_data_padrao\">\n<p>27 de outubro de 2021 &#8211;\u00a0<strong>16:56<\/strong>\u00a0<strong>&#8211; Atualizado em 27 de outubro de 2021 &#8211; 16:56<\/strong><\/p>\n<\/div>\n<\/div>\n<div class=\"pp-box-adunit pp-ad-loading pp-type-intext\">\n<div class=\"pp-adunit\">\n<div class=\"pp-ad\">\n<div id=\"P_RICMAIS_INTEXT_01_0\" data-premium=\"\" data-adunit=\"RICMAIS_INTEXT_01\" data-sizes-mobile=\"[[336,280],[300,250]]\" data-sizes-desktop=\"[[336,280],[300,250]]\" data-type=\"intext\" data-fetch=\"true\" data-google-query-id=\"CLXAlNKp9_MCFQa8lQId6_YMiA\">\n<div id=\"google_ads_iframe_\/75894840,59114593\/RICMAIS_INTEXT_01_0__container__\"><\/div>\n<\/div>\n<\/div>\n<\/div>\n<\/div>\n<blockquote class=\"wp-block-quote\"><p>\u201cAs m\u00e3es que quiserem doar diretamente o leite congelado podem fazer, desde que no pote espec\u00edfico e esterilizado. N\u00f3s tamb\u00e9m fornecemos as embalagens para as que n\u00e3o t\u00eam, mas podem ser doadoras\u201d,<\/p>\n<p><cite>acrescenta a nutricionista Evelise.<\/cite><\/p><\/blockquote>\n<h2><strong>Como doar<\/strong><\/h2>\n<p>O HE conta com\u00a0<strong>servi\u00e7o de transporte<\/strong>\u00a0para m\u00e3es que quiserem\u00a0<strong>doar leite\u00a0<\/strong>ou aqueles que forem contribuir com os\u00a0<strong>potes de vidro<\/strong>, desde que em quantidades razo\u00e1veis. O recipiente pode ser os de caf\u00e9-sol\u00favel ou palmito, por exemplo. Os interessados podem entrar em contato atrav\u00e9s dos telefones<strong>\u00a0(43) 3378-1234 ou (43) 3378-1236.<\/strong><\/p>\n<div>\n<div id=\"P_RICMAIS_TEMPLATES_SLIDES_0\" data-premium=\"\" data-adunit=\"RICMAIS_TEMPLATES_SLIDES\" data-sizes-desktop=\"[[1,1]]\" data-sizes-mobile=\"[[1,1]]\" data-fetch=\"true\" data-google-query-id=\"COStj9Kp9_MCFQa8lQId6_YMiA\">\n<div id=\"google_ads_iframe_\/75894840,59114593\/RICMAIS_TEMPLATES_SLIDES_0__container__\"><\/div>\n<\/div>\n<\/div>\n<div id=\"_ppads_video\"><\/div>\n<figure class=\"wp-block-image size-large\"><img loading=\"lazy\" decoding=\"async\" class=\"wp-image-1815091\" src=\"https:\/\/static.ricmais.com.br\/uploads\/2021\/10\/pote-leite-materno-he-1-900x600.jpeg\" alt=\"\" width=\"900\" height=\"600\" \/><figcaption>(Foto: Divulga\u00e7\u00e3o)<\/figcaption><\/figure>\n<p data-fetch=\"true\">As\u00a0<strong>m\u00e3es\u00a0<\/strong>que tiverem\u00a0<strong>dificuldades,\u00a0<\/strong>podem agendar o servi\u00e7o de t\u00e9cnicas de enfermagem especializadas para amamenta\u00e7\u00e3o por meio do telefone\u00a0<strong>(43) 3378-1579<\/strong>, sem\u00a0<strong>nenhum custo.<\/strong><\/p>\n<blockquote class=\"wp-block-quote\"><p>\u201c\u00c9 importante ressaltar que a validade do leite congelado \u00e9 de 15 dias a partir do dia em que \u00e9 retirado. Quando recebemos, enviamos para a pasteuriza\u00e7\u00e3o no Hospital Universit\u00e1rio e o leite fica pr\u00f3prio para estocagem por seis meses\u201d,<\/p>\n<p><cite>destaca Mantovani.<\/cite><\/p><\/blockquote>\n<p>Podem doar leite materno as m\u00e3es que est\u00e3o saud\u00e1veis, sem sintomas de doen\u00e7a. A institui\u00e7\u00e3o reitera que as mulheres devem, primeiro, amamentar seus filhos, doando apenas o excedente.<\/p>\n<\/article>\n","protected":false},"excerpt":{"rendered":"<p>HOSPITAL EVANG\u00c9LICO DE LONDRINA PRECISA DE POTES DE VIDRO PARA GUARDAR LEITE MATERNO \u201cOs ideais s\u00e3o aqueles que guardam caf\u00e9-sol\u00favel, mas potes de palmito, por exemplo,<span class=\"excerpt-hellip\"> [?]<\/span><\/p>\n","protected":false},"author":111,"featured_media":9475,"comment_status":"closed","ping_status":"open","sticky":false,"template":"","format":"standard","meta":{"_joinchat":[],"footnotes":""},"categories":[159,171],"tags":[],"class_list":["post-9482","post","type-post","status-publish","format-standard","has-post-thumbnail","hentry","category-clientes","category-hospital-evangelico"],"_links":{"self":[{"href":"https:\/\/www.inovelondrina.com.br\/agencia\/wp-json\/wp\/v2\/posts\/9482","targetHints":{"allow":["GET"]}}],"collection":[{"href":"https:\/\/www.inovelondrina.com.br\/agencia\/wp-json\/wp\/v2\/posts"}],"about":[{"href":"https:\/\/www.inovelondrina.com.br\/agencia\/wp-json\/wp\/v2\/types\/post"}],"author":[{"embeddable":true,"href":"https:\/\/www.inovelondrina.com.br\/agencia\/wp-json\/wp\/v2\/users\/111"}],"replies":[{"embeddable":true,"href":"https:\/\/www.inovelondrina.com.br\/agencia\/wp-json\/wp\/v2\/comments?post=9482"}],"version-history":[{"count":0,"href":"https:\/\/www.inovelondrina.com.br\/agencia\/wp-json\/wp\/v2\/posts\/9482\/revisions"}],"wp:featuredmedia":[{"embeddable":true,"href":"https:\/\/www.inovelondrina.com.br\/agencia\/wp-json\/wp\/v2\/media\/9475"}],"wp:attachment":[{"href":"https:\/\/www.inovelondrina.com.br\/agencia\/wp-json\/wp\/v2\/media?parent=9482"}],"wp:term":[{"taxonomy":"category","embeddable":true,"href":"https:\/\/www.inovelondrina.com.br\/agencia\/wp-json\/wp\/v2\/categories?post=9482"},{"taxonomy":"post_tag","embeddable":true,"href":"https:\/\/www.inovelondrina.com.br\/agencia\/wp-json\/wp\/v2\/tags?post=9482"}],"curies":[{"name":"wp","href":"https:\/\/api.w.org\/{rel}","templated":true}]}}