{"id":9480,"date":"2021-10-27T10:45:43","date_gmt":"2021-10-27T13:45:43","guid":{"rendered":"https:\/\/www.inovelondrina.com.br\/agencia\/?p=9480"},"modified":"2021-11-01T10:59:47","modified_gmt":"2021-11-01T13:59:47","slug":"hospital-evangelico-necessita-de-potes-para-armazenar-leite-materno","status":"publish","type":"post","link":"https:\/\/www.inovelondrina.com.br\/agencia\/hospital-evangelico-necessita-de-potes-para-armazenar-leite-materno\/","title":{"rendered":"Hospital Evang\u00e9lico necessita de potes para armazenar leite materno"},"content":{"rendered":"<h5>Hospital Evang\u00e9lico necessita de potes para armazenar leite materno<\/h5>\n<div class=\"bottom-title\">\n<div class=\"assinatura\">\n<p class=\"published-by\">Reda\u00e7\u00e3o Tarob\u00e1 News<\/p>\n<p>h\u00e1 4 dias<\/p><\/div>\n<div class=\"midias\"><\/div>\n<\/div>\n<div class=\"text\">\n<div class=\"image-author\"><img decoding=\"async\" class=\"image-full\" src=\"https:\/\/tarobanews.2src.link\/assets\/uploads\/noticias\/md-608450ca-d4be-42f6-84f1-701c874c1748.jpg\" alt=\"\" \/><\/p>\n<p class=\"legenda\">\n<\/div>\n<div>\n<p>A primeira alimenta\u00e7\u00e3o na vida \u00e9 a garantia de um crescimento saud\u00e1vel para os beb\u00eas. O leite materno \u00e9 a f\u00f3rmula ideal nos primeiros anos de vida, mas nem todas as crian\u00e7as t\u00eam a possibilidade de receb\u00ea-lo. Por isso, a doa\u00e7\u00e3o feita por lactantes \u00e9 fundamental. O Hospital Evang\u00e9lico de Londrina, em seu lact\u00e1rio, faz um trabalho important\u00edssimo de recep\u00e7\u00e3o e armazenagem do leite oferecido por volunt\u00e1rias. Mas, para que tudo d\u00ea certo, o apoio da sociedade \u00e9 fundamental. A f\u00f3rmula \u00e9 simples: a doa\u00e7\u00e3o de potes de vidro com tampas de pl\u00e1stico.<\/p>\n<p>Os recipientes s\u00e3o os ideais para que seja feito o armazenamento e o hospital os oferece para quem tem a disponibilidade de enviar o leite para a institui\u00e7\u00e3o. \u201cAs m\u00e3es que quiserem doar diretamente o leite congelado podem fazer, desde que no pote espec\u00edfico e esterilizado. N\u00f3s tamb\u00e9m fornecemos as embalagens para as que n\u00e3o t\u00eam, mas podem ser doadoras\u201d, explica Evelise Mantovani, supervisora da nutri\u00e7\u00e3o cl\u00ednica do HE.<\/p>\n<p>Todo o contato para as interessadas em doar recipientes ou leite pode ser feito nos telefones 3378-1234 ou 3378-1236. O Hospital oferece o servi\u00e7o de transporte para a coleta de leite na resid\u00eancia das doadoras e nos potes de vidro, quando em uma quantidade razo\u00e1vel. \u201cOs ideais s\u00e3o aqueles que guardam caf\u00e9-sol\u00favel, mas potes de palmito, por exemplo, tamb\u00e9m servem. Podemos fazer a compra de tampas de pl\u00e1stico. O importante \u00e9 ser de vidro\u201d, explica Mantovani.<\/p>\n<p>Para as m\u00e3es que t\u00eam dificuldade na ordenha, o Hospital Evang\u00e9lico disp\u00f5e de t\u00e9cnicas de enfermagem especializadas em amamenta\u00e7\u00e3o para auxiliar. O servi\u00e7o pode ser agendado no telefone 3378- 1579 e \u00e9 gratuito para qualquer mulher que precise de ajuda. \u201c\u00c9 importante ressaltar que a validade do leite congelado \u00e9 de 15 dias a partir do dia em que \u00e9 retirado. Quando recebemos, enviamos para a pasteuriza\u00e7\u00e3o no Hospital Universit\u00e1rio e o leite fica pr\u00f3prio para estocagem por seis meses\u201d, detalha a nutricionista.<\/p>\n<p>Em \u00e9poca de fim de ano, as doa\u00e7\u00f5es tendem a reduzir. Por isso, elas s\u00e3o t\u00e3o necess\u00e1rias. A equipe do HE est\u00e1 dispon\u00edvel para esclarecimentos de d\u00favidas, mas n\u00e3o h\u00e1 grandes restri\u00e7\u00f5es para a doa\u00e7\u00e3o de leite. Basta que a m\u00e3e esteja saud\u00e1vel, sem sintomas de qualquer doen\u00e7a. Mesmo a vacina\u00e7\u00e3o da Covid-19 n\u00e3o interfere no processo. \u201cO importante \u00e9 que, em primeiro lugar, as mulheres possam alimentar seus filhos. Somente o excedente deve ser doado\u201d, conclui Mantovani.<\/p>\n<p>Assessoria<\/p>\n<\/div>\n<p><a href=\"https:\/\/tarobanews.com\/noticias\/cidade\/hospital-evangelico-necessita-de-potes-para-armazenar-leite-materno-97Wyk.html\">https:\/\/tarobanews.com\/noticias\/cidade\/hospital-evangelico-necessita-de-potes-para-armazenar-leite-materno-97Wyk.html<\/a><\/p>\n<\/div>\n","protected":false},"excerpt":{"rendered":"<p>Hospital Evang\u00e9lico necessita de potes para armazenar leite materno Reda\u00e7\u00e3o Tarob\u00e1 News h\u00e1 4 dias A primeira alimenta\u00e7\u00e3o na vida \u00e9 a garantia de um crescimento<span class=\"excerpt-hellip\"> [?]<\/span><\/p>\n","protected":false},"author":111,"featured_media":9460,"comment_status":"closed","ping_status":"open","sticky":false,"template":"","format":"standard","meta":{"_joinchat":[],"footnotes":""},"categories":[159,171],"tags":[],"class_list":["post-9480","post","type-post","status-publish","format-standard","has-post-thumbnail","hentry","category-clientes","category-hospital-evangelico"],"_links":{"self":[{"href":"https:\/\/www.inovelondrina.com.br\/agencia\/wp-json\/wp\/v2\/posts\/9480","targetHints":{"allow":["GET"]}}],"collection":[{"href":"https:\/\/www.inovelondrina.com.br\/agencia\/wp-json\/wp\/v2\/posts"}],"about":[{"href":"https:\/\/www.inovelondrina.com.br\/agencia\/wp-json\/wp\/v2\/types\/post"}],"author":[{"embeddable":true,"href":"https:\/\/www.inovelondrina.com.br\/agencia\/wp-json\/wp\/v2\/users\/111"}],"replies":[{"embeddable":true,"href":"https:\/\/www.inovelondrina.com.br\/agencia\/wp-json\/wp\/v2\/comments?post=9480"}],"version-history":[{"count":0,"href":"https:\/\/www.inovelondrina.com.br\/agencia\/wp-json\/wp\/v2\/posts\/9480\/revisions"}],"wp:featuredmedia":[{"embeddable":true,"href":"https:\/\/www.inovelondrina.com.br\/agencia\/wp-json\/wp\/v2\/media\/9460"}],"wp:attachment":[{"href":"https:\/\/www.inovelondrina.com.br\/agencia\/wp-json\/wp\/v2\/media?parent=9480"}],"wp:term":[{"taxonomy":"category","embeddable":true,"href":"https:\/\/www.inovelondrina.com.br\/agencia\/wp-json\/wp\/v2\/categories?post=9480"},{"taxonomy":"post_tag","embeddable":true,"href":"https:\/\/www.inovelondrina.com.br\/agencia\/wp-json\/wp\/v2\/tags?post=9480"}],"curies":[{"name":"wp","href":"https:\/\/api.w.org\/{rel}","templated":true}]}}