{"id":9474,"date":"2021-10-23T10:28:16","date_gmt":"2021-10-23T13:28:16","guid":{"rendered":"https:\/\/www.inovelondrina.com.br\/agencia\/?p=9474"},"modified":"2021-11-01T10:30:55","modified_gmt":"2021-11-01T13:30:55","slug":"hospital-evangelico-de-londrina-ganha-grafite-em-homenagem-aos-73-anos-de-historia-2","status":"publish","type":"post","link":"https:\/\/www.inovelondrina.com.br\/agencia\/hospital-evangelico-de-londrina-ganha-grafite-em-homenagem-aos-73-anos-de-historia-2\/","title":{"rendered":"HOSPITAL EVANG\u00c9LICO DE LONDRINA GANHA GRAFITE EM HOMENAGEM AOS 73 ANOS DE HIST\u00d3RIA"},"content":{"rendered":"<div class=\"single_topo\">\n<div class=\"single_topo_info\">\n<h5 class=\"display\">HOSPITAL EVANG\u00c9LICO DE LONDRINA GANHA GRAFITE EM HOMENAGEM AOS 73 ANOS DE HIST\u00d3RIA<\/h5>\n<div class=\"post_gravata\">\n<p>A arte \u00e9 inspirada na arquitetura do pr\u00e9dio, em profissionais da sa\u00fade e nos pacientes<\/p>\n<\/div>\n<\/div>\n<\/div>\n<div class=\"single_info single_info_padrao flex align-center\">\n<div class=\"single_autor flex align-center\">\n<div class=\"single_autor_info\"><strong>Reda\u00e7\u00e3o RIC Mais<\/strong>com informa\u00e7\u00f5es da assessoria<\/div>\n<\/div>\n<div class=\"single_info_padrao_right flex align-center flex-right\">\n<div class=\"post_size_padrao flex align-center flex-right\"><button class=\"post_menor\">A-<\/button><button class=\"post_maior\">A+<\/button><\/div>\n<div class=\"single_compartilhe_padrao flex align-center flex-right\"><\/div>\n<\/div>\n<\/div>\n<article class=\"single_content\" data-fetch=\"true\">\n<p data-fetch=\"true\">Foi finalizado, nesta sexta-feira (22), a<strong>\u00a0interven\u00e7\u00e3o art\u00edstica\u00a0<\/strong>em homenagem ao\u00a0<strong>anivers\u00e1rio do Hospital Evang\u00e9lico\u00a0<\/strong>de Londrina, no norte do Paran\u00e1. O grafite\u00a0<strong>conta a hist\u00f3ria da institui\u00e7\u00e3o<\/strong>\u00a0e foi feito pelos artistas Murilo Mar\u00e7al e Du2. A obra fica na viela ao lado do hospital, localizado na Avenida Bandeirantes.<\/p>\n<div class=\"single_mover\">\n<figure><img decoding=\"async\" src=\"https:\/\/static.ricmais.com.br\/uploads\/2021\/10\/ev3-900x600.jpeg\" alt=\"Hospital Evang\u00e9lico de Londrina ganha grafite em homenagem aos 73 anos de hist\u00f3ria\" \/><\/figure>\n<p>Foto: Divulga\u00e7\u00e3o\/Assessoria<\/p>\n<div class=\"single_data_padrao\">\n<p>23 de outubro de 2021 &#8211;\u00a0<strong>13:53<\/strong>\u00a0<strong>&#8211; Atualizado em 23 de outubro de 2021 &#8211; 13:53<\/strong><\/p>\n<\/div>\n<\/div>\n<div class=\"pp-box-adunit pp-ad-loading pp-type-intext\">\n<div class=\"pp-adunit\">\n<div class=\"pp-ad\">\n<div id=\"P_RICMAIS_INTEXT_01_0\" data-premium=\"\" data-adunit=\"RICMAIS_INTEXT_01\" data-sizes-mobile=\"[[336,280],[300,250]]\" data-sizes-desktop=\"[[336,280],[300,250]]\" data-type=\"intext\" data-fetch=\"true\" data-google-query-id=\"CPfpq5Wi9_MCFc6MlQIdgBwA2Q\">\n<div id=\"google_ads_iframe_\/75894840,59114593\/RICMAIS_INTEXT_01_0__container__\">A institui\u00e7\u00e3o comemora 73 anos na segunda-feira, dia 25 de outubro. \u201cA cria\u00e7\u00e3o remete aos profissionais, \u00e0 arquitetura do hospital e aos pacientes. Todo o universo envolvido no atendimento\u201d, explica Mar\u00e7al.<\/div>\n<\/div>\n<\/div>\n<\/div>\n<\/div>\n<figure class=\"wp-block-gallery columns-2 is-cropped\">\n<div class=\"single_galeria_tit flex flex-left align-center\">Galeria<\/p>\n<div class=\"slider_galeria_info\">1\/2<\/div>\n<\/div>\n<p><button class=\"slick-prev slick-arrow slick-disabled\" type=\"button\" aria-label=\"Previous\">Previous<\/button><\/p>\n<div class=\"slick-list draggable\">\n<div class=\"slick-track\">\n<div class=\"slick-slide slick-current slick-active\" data-slick-index=\"0\" aria-hidden=\"false\">\n<div>\n<ul>\n<li class=\"blocks-gallery-item\">\n<figure><img loading=\"lazy\" decoding=\"async\" class=\"wp-image-1809425\" src=\"https:\/\/static.ricmais.com.br\/uploads\/2021\/10\/ev1-900x600.jpeg\" alt=\"\" width=\"900\" height=\"600\" data-id=\"1809425\" data-full-url=\"https:\/\/static.ricmais.com.br\/uploads\/2021\/10\/ev1.jpeg\" data-link=\"https:\/\/controle.ricmais.com.br\/?attachment_id=1809425\" \/><\/figure>\n<\/li>\n<\/ul>\n<\/div>\n<\/div>\n<div class=\"slick-slide\" data-slick-index=\"1\" aria-hidden=\"true\">\n<div>\n<ul>\n<li class=\"blocks-gallery-item\">\n<figure><img loading=\"lazy\" decoding=\"async\" class=\"wp-image-1809426\" src=\"https:\/\/static.ricmais.com.br\/uploads\/2021\/10\/ev2-900x600.jpeg\" alt=\"\" width=\"900\" height=\"600\" data-id=\"1809426\" data-full-url=\"https:\/\/static.ricmais.com.br\/uploads\/2021\/10\/ev2.jpeg\" data-link=\"https:\/\/controle.ricmais.com.br\/?attachment_id=1809426\" \/><\/figure>\n<\/li>\n<\/ul>\n<\/div>\n<\/div>\n<\/div>\n<\/div>\n<p><button class=\"slick-next slick-arrow\" type=\"button\" aria-label=\"Next\">Next<\/button><figcaption class=\"blocks-gallery-caption\">Obra feita pelos artistas Murilo Mar\u00e7al e Du2. Foto: Divulga\u00e7\u00e3o\/Assessoria<\/figcaption><\/figure>\n<p data-fetch=\"true\">Tamb\u00e9m na segunda-feira (25) deve aconteceu a<strong>\u00a0inaugura\u00e7\u00e3o do pronto-socorro<\/strong>\u00a0que passou por obras de amplia\u00e7\u00e3o. A\u00e7\u00f5es beneficentes e fam\u00edlias arrecadaram R$ 2 milh\u00f5es para o projeto.<\/p>\n<div class=\"pp-box-adunit pp-ad-loading pp-type-intext\">\n<div class=\"pp-adunit\">\n<div class=\"pp-ad\">\n<div id=\"P_RICMAIS_INTEXT_02_0\" data-premium=\"\" data-adunit=\"RICMAIS_INTEXT_02\" data-sizes-mobile=\"[[336,280],[300,250]]\" data-sizes-desktop=\"[[336,280],[300,250]]\" data-type=\"intext\" data-fetch=\"true\" data-google-query-id=\"COvOvKai9_MCFSeWlQIdfSYMuA\"><\/div>\n<\/div>\n<\/div>\n<\/div>\n<p>No \u00faltimo ano, foram realizados mais de 50 mil atendimentos no pronto-socorro do Hospital Evang\u00e9lico, mais de 20 mil interna\u00e7\u00f5es de cerca de 17 mil cirurgias e partos.<\/p>\n<div class=\"dynamicAdR7\" data-size=\"[[300,250],[250,250]]\" data-pos=\"island\" data-context=\"island\" data-ad=\"true\"><\/div>\n<\/article>\n","protected":false},"excerpt":{"rendered":"<p>HOSPITAL EVANG\u00c9LICO DE LONDRINA GANHA GRAFITE EM HOMENAGEM AOS 73 ANOS DE HIST\u00d3RIA A arte \u00e9 inspirada na arquitetura do pr\u00e9dio, em profissionais da sa\u00fade e<span class=\"excerpt-hellip\"> [?]<\/span><\/p>\n","protected":false},"author":111,"featured_media":9475,"comment_status":"closed","ping_status":"open","sticky":false,"template":"","format":"standard","meta":{"_joinchat":[],"footnotes":""},"categories":[159,171],"tags":[],"class_list":["post-9474","post","type-post","status-publish","format-standard","has-post-thumbnail","hentry","category-clientes","category-hospital-evangelico"],"_links":{"self":[{"href":"https:\/\/www.inovelondrina.com.br\/agencia\/wp-json\/wp\/v2\/posts\/9474","targetHints":{"allow":["GET"]}}],"collection":[{"href":"https:\/\/www.inovelondrina.com.br\/agencia\/wp-json\/wp\/v2\/posts"}],"about":[{"href":"https:\/\/www.inovelondrina.com.br\/agencia\/wp-json\/wp\/v2\/types\/post"}],"author":[{"embeddable":true,"href":"https:\/\/www.inovelondrina.com.br\/agencia\/wp-json\/wp\/v2\/users\/111"}],"replies":[{"embeddable":true,"href":"https:\/\/www.inovelondrina.com.br\/agencia\/wp-json\/wp\/v2\/comments?post=9474"}],"version-history":[{"count":0,"href":"https:\/\/www.inovelondrina.com.br\/agencia\/wp-json\/wp\/v2\/posts\/9474\/revisions"}],"wp:featuredmedia":[{"embeddable":true,"href":"https:\/\/www.inovelondrina.com.br\/agencia\/wp-json\/wp\/v2\/media\/9475"}],"wp:attachment":[{"href":"https:\/\/www.inovelondrina.com.br\/agencia\/wp-json\/wp\/v2\/media?parent=9474"}],"wp:term":[{"taxonomy":"category","embeddable":true,"href":"https:\/\/www.inovelondrina.com.br\/agencia\/wp-json\/wp\/v2\/categories?post=9474"},{"taxonomy":"post_tag","embeddable":true,"href":"https:\/\/www.inovelondrina.com.br\/agencia\/wp-json\/wp\/v2\/tags?post=9474"}],"curies":[{"name":"wp","href":"https:\/\/api.w.org\/{rel}","templated":true}]}}