{"id":9469,"date":"2021-10-23T10:20:18","date_gmt":"2021-10-23T13:20:18","guid":{"rendered":"https:\/\/www.inovelondrina.com.br\/agencia\/?p=9469"},"modified":"2021-11-01T10:28:06","modified_gmt":"2021-11-01T13:28:06","slug":"hospital-evangelico-de-londrina-ganha-grafite-em-homenagem-aos-73-anos-de-historia","status":"publish","type":"post","link":"https:\/\/www.inovelondrina.com.br\/agencia\/hospital-evangelico-de-londrina-ganha-grafite-em-homenagem-aos-73-anos-de-historia\/","title":{"rendered":"Hospital Evang\u00e9lico de Londrina ganha grafite em homenagem aos 73 anos de hist\u00f3ria"},"content":{"rendered":"<header>\n<h5>Hospital Evang\u00e9lico de Londrina ganha grafite em homenagem aos 73 anos de hist\u00f3ria<\/h5>\n<div id=\"date-share\">\n<p>23 de outubro de 2021<\/p>\n<div class=\"share\">\n<div class=\"fb-share-button fb_iframe_widget\" data-href=\"https:\/\/www.girodenoticia.com.br\/hospital-evangelico-de-londrina-ganha-grafite-em-homenagem-aos-73-anos-de-historia\/\" data-layout=\"button\"><\/div>\n<\/div>\n<\/div>\n<\/header>\n<figure id=\"single-banner\"><img decoding=\"async\" src=\"https:\/\/www.girodenoticia.com.br\/wp-content\/uploads\/2021\/10\/Hospital-Evangelico-de-Londrina-ga.jpeg\" alt=\"banner principal\" \/><\/figure>\n<div id=\"post\">\n<div class=\"at-above-post addthis_tool\" data-url=\"https:\/\/www.girodenoticia.com.br\/hospital-evangelico-de-londrina-ganha-grafite-em-homenagem-aos-73-anos-de-historia\/\"><\/div>\n<p>Foi finalizado, nesta sexta-feira (22), a interven\u00e7\u00e3o art\u00edstica em homenagem ao anivers\u00e1rio do Hospital Evang\u00e9lico de Londrina, no norte do Paran\u00e1. O grafite conta a hist\u00f3ria da institui\u00e7\u00e3o e foi feito pelos artistas Murilo Mar\u00e7al e Du2. A obra fica na viela ao lado do hospital, localizado na Avenida Bandeirantes.<\/p>\n<p>A institui\u00e7\u00e3o comemora 73 anos na segunda-feira, dia 25 de outubro. \u201cA cria\u00e7\u00e3o remete aos profissionais, \u00e0 arquitetura do hospital e aos pacientes. Todo o universo envolvido no atendimento\u201d, explica Mar\u00e7al.<\/p>\n<p>Tamb\u00e9m na segunda-feira (25) deve aconteceu a inaugura\u00e7\u00e3o do pronto-socorro que passou por obras de amplia\u00e7\u00e3o. A\u00e7\u00f5es beneficentes e fam\u00edlias arrecadaram R$ 2 milh\u00f5es para o projeto.<\/p>\n<p>No \u00faltimo ano, foram realizados mais de 50 mil atendimentos no pronto-socorro do Hospital Evang\u00e9lico, mais de 20 mil interna\u00e7\u00f5es de cerca de 17 mil cirurgias e partos.<\/p>\n<p><a href=\"https:\/\/ricmais.com.br\/noticias\/hospital-evangelico-de-londrina-ganha-grafite-em-homenagem-aos-73-anos-de-historia\/\" target=\"_blank\" rel=\"noopener\">Fonte: Ric Mais<\/a><\/p>\n<\/div>\n","protected":false},"excerpt":{"rendered":"<p>Hospital Evang\u00e9lico de Londrina ganha grafite em homenagem aos 73 anos de hist\u00f3ria 23 de outubro de 2021 Foi finalizado, nesta sexta-feira (22), a interven\u00e7\u00e3o art\u00edstica<span class=\"excerpt-hellip\"> [?]<\/span><\/p>\n","protected":false},"author":111,"featured_media":9471,"comment_status":"closed","ping_status":"open","sticky":false,"template":"","format":"standard","meta":{"_joinchat":[],"footnotes":""},"categories":[159,171],"tags":[],"class_list":["post-9469","post","type-post","status-publish","format-standard","has-post-thumbnail","hentry","category-clientes","category-hospital-evangelico"],"_links":{"self":[{"href":"https:\/\/www.inovelondrina.com.br\/agencia\/wp-json\/wp\/v2\/posts\/9469","targetHints":{"allow":["GET"]}}],"collection":[{"href":"https:\/\/www.inovelondrina.com.br\/agencia\/wp-json\/wp\/v2\/posts"}],"about":[{"href":"https:\/\/www.inovelondrina.com.br\/agencia\/wp-json\/wp\/v2\/types\/post"}],"author":[{"embeddable":true,"href":"https:\/\/www.inovelondrina.com.br\/agencia\/wp-json\/wp\/v2\/users\/111"}],"replies":[{"embeddable":true,"href":"https:\/\/www.inovelondrina.com.br\/agencia\/wp-json\/wp\/v2\/comments?post=9469"}],"version-history":[{"count":0,"href":"https:\/\/www.inovelondrina.com.br\/agencia\/wp-json\/wp\/v2\/posts\/9469\/revisions"}],"wp:featuredmedia":[{"embeddable":true,"href":"https:\/\/www.inovelondrina.com.br\/agencia\/wp-json\/wp\/v2\/media\/9471"}],"wp:attachment":[{"href":"https:\/\/www.inovelondrina.com.br\/agencia\/wp-json\/wp\/v2\/media?parent=9469"}],"wp:term":[{"taxonomy":"category","embeddable":true,"href":"https:\/\/www.inovelondrina.com.br\/agencia\/wp-json\/wp\/v2\/categories?post=9469"},{"taxonomy":"post_tag","embeddable":true,"href":"https:\/\/www.inovelondrina.com.br\/agencia\/wp-json\/wp\/v2\/tags?post=9469"}],"curies":[{"name":"wp","href":"https:\/\/api.w.org\/{rel}","templated":true}]}}