{"id":9467,"date":"2021-10-26T10:11:26","date_gmt":"2021-10-26T13:11:26","guid":{"rendered":"https:\/\/www.inovelondrina.com.br\/agencia\/?p=9467"},"modified":"2021-11-01T10:20:08","modified_gmt":"2021-11-01T13:20:08","slug":"viela-e-pintada-por-grafiteiros-em-homenagem-ao-hospital-evangelico","status":"publish","type":"post","link":"https:\/\/www.inovelondrina.com.br\/agencia\/viela-e-pintada-por-grafiteiros-em-homenagem-ao-hospital-evangelico\/","title":{"rendered":"Viela \u00e9 pintada por grafiteiros em homenagem ao Hospital Evang\u00e9lico"},"content":{"rendered":"<p>Viela \u00e9 pintada por grafiteiros em homenagem ao Hospital Evang\u00e9lico<\/p>\n<p>RICTV Londrina &#8211; Balan\u00e7o Geral<\/p>\n<p>26\/10\/2021<\/p>\n<p><iframe loading=\"lazy\" title=\"Balan\u00e7o Geral Londrina Ao Vivo | Assista \u00e0 \u00edntegra de hoje - 26\/10\/2021\" width=\"1220\" height=\"686\" src=\"https:\/\/www.youtube.com\/embed\/Fj6ko8epNJg?feature=oembed\" frameborder=\"0\" allow=\"accelerometer; autoplay; clipboard-write; encrypted-media; gyroscope; picture-in-picture\" allowfullscreen><\/iframe><\/p>\n<p>Mat\u00e9ria em 2:44<\/p>\n","protected":false},"excerpt":{"rendered":"<p>Viela \u00e9 pintada por grafiteiros em homenagem ao Hospital Evang\u00e9lico RICTV Londrina &#8211; Balan\u00e7o Geral 26\/10\/2021 Mat\u00e9ria em 2:44<\/p>\n","protected":false},"author":111,"featured_media":8988,"comment_status":"closed","ping_status":"open","sticky":false,"template":"","format":"standard","meta":{"_joinchat":[],"footnotes":""},"categories":[159,171],"tags":[],"class_list":["post-9467","post","type-post","status-publish","format-standard","has-post-thumbnail","hentry","category-clientes","category-hospital-evangelico"],"_links":{"self":[{"href":"https:\/\/www.inovelondrina.com.br\/agencia\/wp-json\/wp\/v2\/posts\/9467","targetHints":{"allow":["GET"]}}],"collection":[{"href":"https:\/\/www.inovelondrina.com.br\/agencia\/wp-json\/wp\/v2\/posts"}],"about":[{"href":"https:\/\/www.inovelondrina.com.br\/agencia\/wp-json\/wp\/v2\/types\/post"}],"author":[{"embeddable":true,"href":"https:\/\/www.inovelondrina.com.br\/agencia\/wp-json\/wp\/v2\/users\/111"}],"replies":[{"embeddable":true,"href":"https:\/\/www.inovelondrina.com.br\/agencia\/wp-json\/wp\/v2\/comments?post=9467"}],"version-history":[{"count":0,"href":"https:\/\/www.inovelondrina.com.br\/agencia\/wp-json\/wp\/v2\/posts\/9467\/revisions"}],"wp:featuredmedia":[{"embeddable":true,"href":"https:\/\/www.inovelondrina.com.br\/agencia\/wp-json\/wp\/v2\/media\/8988"}],"wp:attachment":[{"href":"https:\/\/www.inovelondrina.com.br\/agencia\/wp-json\/wp\/v2\/media?parent=9467"}],"wp:term":[{"taxonomy":"category","embeddable":true,"href":"https:\/\/www.inovelondrina.com.br\/agencia\/wp-json\/wp\/v2\/categories?post=9467"},{"taxonomy":"post_tag","embeddable":true,"href":"https:\/\/www.inovelondrina.com.br\/agencia\/wp-json\/wp\/v2\/tags?post=9467"}],"curies":[{"name":"wp","href":"https:\/\/api.w.org\/{rel}","templated":true}]}}