{"id":9464,"date":"2021-10-25T10:06:52","date_gmt":"2021-10-25T13:06:52","guid":{"rendered":"https:\/\/www.inovelondrina.com.br\/agencia\/?p=9464"},"modified":"2021-11-01T10:10:38","modified_gmt":"2021-11-01T13:10:38","slug":"completando-73-anos-em-funcionamento-hospital-evangelico-inaugura-ampliacao-do-pronto-socorro","status":"publish","type":"post","link":"https:\/\/www.inovelondrina.com.br\/agencia\/completando-73-anos-em-funcionamento-hospital-evangelico-inaugura-ampliacao-do-pronto-socorro\/","title":{"rendered":"Completando 73 anos em funcionamento, Hospital Evang\u00e9lico inaugura amplia\u00e7\u00e3o do Pronto-Socorro"},"content":{"rendered":"<header class=\"titulo-pagina\">\n<div class=\"data\">SEGUNDA, 25\/10\/2021, 18:37<\/div>\n<h5>Completando 73 anos em funcionamento, Hospital Evang\u00e9lico inaugura amplia\u00e7\u00e3o do Pronto-Socorro<\/h5>\n<p>Espa\u00e7o conta com novos leitos e mais de 200 metros quadrados revitalizados. Para m\u00e9dico, melhorias v\u00e3o refor\u00e7ar atendimento \u00e0 popula\u00e7\u00e3o.<\/p>\n<\/header>\n<div class=\"conteudo\">\n<p>A entrega da nova estrutura do Pronto-Socorro do Hospital Evang\u00e9lico marca o anivers\u00e1rio de 73 anos da Institui\u00e7\u00e3o, celebrado na segunda-feira (25). Os trabalhos tiveram in\u00edcio h\u00e1 dois anos e com a conclus\u00e3o do projeto, a ala de atendimento passa a contar com novos equipamentos para servi\u00e7os de urg\u00eancia e emerg\u00eancia, al\u00e9m de uma amplia\u00e7\u00e3o no n\u00famero de leitos dispon\u00edveis em um espa\u00e7o com mais de 240 metros quadrados. A fachada do local tamb\u00e9m foi repaginada para a nova etapa.<\/p>\n<p>Com um or\u00e7amento total de R$ 2 milh\u00f5es, a obra contou com contribui\u00e7\u00f5es das fam\u00edlias Accorsi e Montosa, al\u00e9m de recursos arrecadados em iniciativas desenvolvidas pelo Grupo de Apoio ao Hospital Evang\u00e9lico de Londrina (GAHEL).<\/p>\n<p>De acordo com Rodrigo Bettega, gerente m\u00e9dico do hospital, o Pronto Socorro recebe cerca de 300 pessoas diariamente. Ao longo do \u00faltimo ano, mais de 50 mil atendimentos foram realizados. Ele afirma que a amplia\u00e7\u00e3o do espa\u00e7o \u00e9 um importante refor\u00e7o diante de uma crescente demanda.<\/p>\n<p>O m\u00e9dico explica que as melhorias nas instala\u00e7\u00f5es tamb\u00e9m contribuem para garantir uma estrutura adequada \u00e0s medidas de seguran\u00e7a necess\u00e1rias para a preven\u00e7\u00e3o da Covid-19 nos espa\u00e7os de atendimento.<\/p>\n<p>Para o secret\u00e1rio municipal de Sa\u00fade, Felippe Machado, o novo Pronto Socorro \u00e9 um ganho importante para a estrutura da rede hospitalar de Londrina. Ele considera que quem sai beneficiada com a reforma \u00e9 a popula\u00e7\u00e3o da cidade.<\/p>\n<p>Machado destaca que desde o in\u00edcio da pandemia o Hospital Evang\u00e9lico tem sido uma importante unidade de apoio aos atendimentos cl\u00ednicos no munic\u00edpio, apesar de n\u00e3o ter sido refer\u00eancia para o tratamento da doen\u00e7a.<\/p>\n<p>Al\u00e9m da inaugura\u00e7\u00e3o da amplia\u00e7\u00e3o do Pronto Socorro, um novo site foi lan\u00e7ado, como parte das comemora\u00e7\u00f5es dos 73 anos da institui\u00e7\u00e3o. A celebra\u00e7\u00e3o tamb\u00e9m contou com uma a\u00e7\u00e3o art\u00edstica na viela ao lado, que recebeu um painel em grafite que faz uma homenagem ao Hospital Evang\u00e9lico.<\/p>\n<\/div>\n<div class=\"item-por\">Por\u00a0<b>Victor Assis<\/b><\/div>\n<div class=\"lista-audios\">\n<div class=\"lista-audio\">\n<h3><a style=\"font-size: 14px\" href=\"https:\/\/cbnlondrina.com.br\/materias\/completando-73-anos-em-funcionamento-hospital-evangelico-inaugura-ampliacao-do-pronto-socorro\">https:\/\/cbnlondrina.com.br\/materias\/completando-73-anos-em-funcionamento-hospital-evangelico-inaugura-ampliacao-do-pronto-socorro<\/a><\/h3>\n<\/div>\n<\/div>\n","protected":false},"excerpt":{"rendered":"<p>SEGUNDA, 25\/10\/2021, 18:37 Completando 73 anos em funcionamento, Hospital Evang\u00e9lico inaugura amplia\u00e7\u00e3o do Pronto-Socorro Espa\u00e7o conta com novos leitos e mais de 200 metros quadrados revitalizados.<span class=\"excerpt-hellip\"> [?]<\/span><\/p>\n","protected":false},"author":111,"featured_media":4319,"comment_status":"closed","ping_status":"open","sticky":false,"template":"","format":"standard","meta":{"_joinchat":[],"footnotes":""},"categories":[159,171],"tags":[],"class_list":["post-9464","post","type-post","status-publish","format-standard","has-post-thumbnail","hentry","category-clientes","category-hospital-evangelico"],"_links":{"self":[{"href":"https:\/\/www.inovelondrina.com.br\/agencia\/wp-json\/wp\/v2\/posts\/9464","targetHints":{"allow":["GET"]}}],"collection":[{"href":"https:\/\/www.inovelondrina.com.br\/agencia\/wp-json\/wp\/v2\/posts"}],"about":[{"href":"https:\/\/www.inovelondrina.com.br\/agencia\/wp-json\/wp\/v2\/types\/post"}],"author":[{"embeddable":true,"href":"https:\/\/www.inovelondrina.com.br\/agencia\/wp-json\/wp\/v2\/users\/111"}],"replies":[{"embeddable":true,"href":"https:\/\/www.inovelondrina.com.br\/agencia\/wp-json\/wp\/v2\/comments?post=9464"}],"version-history":[{"count":0,"href":"https:\/\/www.inovelondrina.com.br\/agencia\/wp-json\/wp\/v2\/posts\/9464\/revisions"}],"wp:featuredmedia":[{"embeddable":true,"href":"https:\/\/www.inovelondrina.com.br\/agencia\/wp-json\/wp\/v2\/media\/4319"}],"wp:attachment":[{"href":"https:\/\/www.inovelondrina.com.br\/agencia\/wp-json\/wp\/v2\/media?parent=9464"}],"wp:term":[{"taxonomy":"category","embeddable":true,"href":"https:\/\/www.inovelondrina.com.br\/agencia\/wp-json\/wp\/v2\/categories?post=9464"},{"taxonomy":"post_tag","embeddable":true,"href":"https:\/\/www.inovelondrina.com.br\/agencia\/wp-json\/wp\/v2\/tags?post=9464"}],"curies":[{"name":"wp","href":"https:\/\/api.w.org\/{rel}","templated":true}]}}