{"id":9457,"date":"2021-10-21T09:57:45","date_gmt":"2021-10-21T12:57:45","guid":{"rendered":"https:\/\/www.inovelondrina.com.br\/agencia\/?p=9457"},"modified":"2021-11-01T10:00:22","modified_gmt":"2021-11-01T13:00:22","slug":"hospital-evangelico-faz-sessao-de-fotos-com-bebes-na-uti-e-uci-neonatal","status":"publish","type":"post","link":"https:\/\/www.inovelondrina.com.br\/agencia\/hospital-evangelico-faz-sessao-de-fotos-com-bebes-na-uti-e-uci-neonatal\/","title":{"rendered":"Hospital Evang\u00e9lico faz sess\u00e3o de fotos com beb\u00eas na UTI e UCI Neonatal"},"content":{"rendered":"<div class=\"playkit-video-info__ep-section\">\n<h5 class=\"playkit-video-info__ep-title\">Hospital Evang\u00e9lico faz sess\u00e3o de fotos com beb\u00eas na UTI e UCI Neonatal<\/h5>\n<\/div>\n<div class=\"playkit-video-info__details\"><span class=\"playkit-video-info__duration\">26 seg\u00a0 <\/span><span class=\"playkit-video-info__published-at\">Exibi\u00e7\u00e3o em\u00a012 out 2021<\/span><\/div>\n<div>Acesso o Link da RPCTV Londrina<\/div>\n<div>Jornal do Meio Dia<\/div>\n<div><\/div>\n<div><a href=\"https:\/\/globoplay.globo.com\/v\/9941942\/\">https:\/\/globoplay.globo.com\/v\/9941942\/<\/a><\/div>\n<div><\/div>\n","protected":false},"excerpt":{"rendered":"<p>Hospital Evang\u00e9lico faz sess\u00e3o de fotos com beb\u00eas na UTI e UCI Neonatal 26 seg\u00a0 Exibi\u00e7\u00e3o em\u00a012 out 2021 Acesso o Link da RPCTV Londrina Jornal<span class=\"excerpt-hellip\"> [?]<\/span><\/p>\n","protected":false},"author":111,"featured_media":4321,"comment_status":"closed","ping_status":"open","sticky":false,"template":"","format":"standard","meta":{"_joinchat":[],"footnotes":""},"categories":[159,171],"tags":[],"class_list":["post-9457","post","type-post","status-publish","format-standard","has-post-thumbnail","hentry","category-clientes","category-hospital-evangelico"],"_links":{"self":[{"href":"https:\/\/www.inovelondrina.com.br\/agencia\/wp-json\/wp\/v2\/posts\/9457","targetHints":{"allow":["GET"]}}],"collection":[{"href":"https:\/\/www.inovelondrina.com.br\/agencia\/wp-json\/wp\/v2\/posts"}],"about":[{"href":"https:\/\/www.inovelondrina.com.br\/agencia\/wp-json\/wp\/v2\/types\/post"}],"author":[{"embeddable":true,"href":"https:\/\/www.inovelondrina.com.br\/agencia\/wp-json\/wp\/v2\/users\/111"}],"replies":[{"embeddable":true,"href":"https:\/\/www.inovelondrina.com.br\/agencia\/wp-json\/wp\/v2\/comments?post=9457"}],"version-history":[{"count":0,"href":"https:\/\/www.inovelondrina.com.br\/agencia\/wp-json\/wp\/v2\/posts\/9457\/revisions"}],"wp:featuredmedia":[{"embeddable":true,"href":"https:\/\/www.inovelondrina.com.br\/agencia\/wp-json\/wp\/v2\/media\/4321"}],"wp:attachment":[{"href":"https:\/\/www.inovelondrina.com.br\/agencia\/wp-json\/wp\/v2\/media?parent=9457"}],"wp:term":[{"taxonomy":"category","embeddable":true,"href":"https:\/\/www.inovelondrina.com.br\/agencia\/wp-json\/wp\/v2\/categories?post=9457"},{"taxonomy":"post_tag","embeddable":true,"href":"https:\/\/www.inovelondrina.com.br\/agencia\/wp-json\/wp\/v2\/tags?post=9457"}],"curies":[{"name":"wp","href":"https:\/\/api.w.org\/{rel}","templated":true}]}}