{"id":8950,"date":"2021-07-29T16:31:18","date_gmt":"2021-07-29T19:31:18","guid":{"rendered":"https:\/\/www.inovelondrina.com.br\/agencia\/?p=8950"},"modified":"2021-08-27T16:33:46","modified_gmt":"2021-08-27T19:33:46","slug":"nao-vacinar-pode-resultar-em-demissao","status":"publish","type":"post","link":"https:\/\/www.inovelondrina.com.br\/agencia\/nao-vacinar-pode-resultar-em-demissao\/","title":{"rendered":"N\u00e3o vacinar pode resultar em demiss\u00e3o"},"content":{"rendered":"<p>N\u00e3o vacinar pode resultar em demiss\u00e3o<\/p>\n<p>29 de julho de 2021<\/p>\n<p>Dr. Felipe Alc\u00e2ntara<\/p>\n<p>&nbsp;<\/p>\n<p><iframe loading=\"lazy\" title=\"N\u00e3o vacinar pode resultar em demiss\u00e3o by Inove Londrina\" width=\"1220\" height=\"400\" scrolling=\"no\" frameborder=\"no\" src=\"https:\/\/w.soundcloud.com\/player\/?visual=true&#038;url=https%3A%2F%2Fapi.soundcloud.com%2Ftracks%2F1114188787&#038;show_artwork=true&#038;maxheight=1000&#038;maxwidth=1220\"><\/iframe><\/p>\n","protected":false},"excerpt":{"rendered":"<p>N\u00e3o vacinar pode resultar em demiss\u00e3o 29 de julho de 2021 Dr. Felipe Alc\u00e2ntara &nbsp;<\/p>\n","protected":false},"author":111,"featured_media":8725,"comment_status":"closed","ping_status":"open","sticky":false,"template":"","format":"standard","meta":{"_joinchat":[],"footnotes":""},"categories":[160,159],"tags":[],"class_list":["post-8950","post","type-post","status-publish","format-standard","has-post-thumbnail","hentry","category-vilela-berbel-e-mitne","category-clientes"],"_links":{"self":[{"href":"https:\/\/www.inovelondrina.com.br\/agencia\/wp-json\/wp\/v2\/posts\/8950","targetHints":{"allow":["GET"]}}],"collection":[{"href":"https:\/\/www.inovelondrina.com.br\/agencia\/wp-json\/wp\/v2\/posts"}],"about":[{"href":"https:\/\/www.inovelondrina.com.br\/agencia\/wp-json\/wp\/v2\/types\/post"}],"author":[{"embeddable":true,"href":"https:\/\/www.inovelondrina.com.br\/agencia\/wp-json\/wp\/v2\/users\/111"}],"replies":[{"embeddable":true,"href":"https:\/\/www.inovelondrina.com.br\/agencia\/wp-json\/wp\/v2\/comments?post=8950"}],"version-history":[{"count":0,"href":"https:\/\/www.inovelondrina.com.br\/agencia\/wp-json\/wp\/v2\/posts\/8950\/revisions"}],"wp:featuredmedia":[{"embeddable":true,"href":"https:\/\/www.inovelondrina.com.br\/agencia\/wp-json\/wp\/v2\/media\/8725"}],"wp:attachment":[{"href":"https:\/\/www.inovelondrina.com.br\/agencia\/wp-json\/wp\/v2\/media?parent=8950"}],"wp:term":[{"taxonomy":"category","embeddable":true,"href":"https:\/\/www.inovelondrina.com.br\/agencia\/wp-json\/wp\/v2\/categories?post=8950"},{"taxonomy":"post_tag","embeddable":true,"href":"https:\/\/www.inovelondrina.com.br\/agencia\/wp-json\/wp\/v2\/tags?post=8950"}],"curies":[{"name":"wp","href":"https:\/\/api.w.org\/{rel}","templated":true}]}}