{"id":8927,"date":"2021-08-03T18:25:00","date_gmt":"2021-08-03T21:25:00","guid":{"rendered":"https:\/\/www.inovelondrina.com.br\/agencia\/?p=8927"},"modified":"2021-08-26T18:27:16","modified_gmt":"2021-08-26T21:27:16","slug":"baixa-taxa-de-ocupacao-desativa-leitos-em-arapongas","status":"publish","type":"post","link":"https:\/\/www.inovelondrina.com.br\/agencia\/baixa-taxa-de-ocupacao-desativa-leitos-em-arapongas\/","title":{"rendered":"Baixa taxa de ocupa\u00e7\u00e3o desativa leitos em Arapongas"},"content":{"rendered":"<header class=\"container mw-pad-0 mw-pad-b-5 tn-b-gray-2 mw-flex mw-a-content-center mw-flex-justify-s-between\">\n<div class=\"col-md-12 mw-pad-0\">\n<h5 class=\"col-md-12 mw-pad-0 tn-f-lato-bold tn-f-16 tn-c-gray text-uppercase\">COVID-19<\/h5>\n<\/div>\n<\/header>\n<section>\n<header class=\"container mw-m-b-15 mw-pad-0 mw-flex mw-a-items-center\">\n<div class=\"col-md-9 mw-pad-0 mw-pad-r-30\">\n<h5 class=\"col-md-12 mw-pad-0 tn-f-lato-black tn-f-46 tn-lh-52 mw-m-b-10\">Baixa taxa de ocupa\u00e7\u00e3o desativa leitos em Arapongas<\/h5>\n<h5 class=\"tn-f-24 mw-m-b-30\">Pelo menos 30 leitos para Covid foram desativados no Honpar.<\/h5>\n<\/div>\n<\/header>\n<\/section>\n<div class=\"col-md-12 mw-pad-5 mw-m-b-15 mw-m-t-15 tn-bg-gray-6 mw-b-radius-5\">\n<figure class=\"col-md-12 mw-pad-0 mw-flex\"><img decoding=\"async\" class=\"mw-fit-width mw-fit-height mw-object-fit mw-b-radius-5\" title=\"Baixa taxa de ocupa\u00e7\u00e3o desativa leitos em Arapongas\" src=\"https:\/\/tnonline.uol.com.br\/img\/Artigo-Destaque\/540000\/Baixa-taxa-de-ocupacao-desativa-leitos-em-Araponga-00542353-0-202108031813.jpg?xid=430229\" alt=\"Baixa taxa de ocupa\u00e7\u00e3o desativa leitos em Arapongas\" \/><figcaption class=\"mw-flex mw-a-items-center mw-bottom-absolute mw-pad-l-10 mw-pad-r-10 tn-f-12 mw-b-radius-5\"><span class=\"tn-c-gray-2 mw-m-l-5\">Foto por Reprodu\u00e7\u00e3o<\/span><\/figcaption><\/figure>\n<\/div>\n<div class=\"col-md-12 mw-pad-0 mw-m-b-15\">\n<div class=\"col-md-12 mw-pad-0\">\n<div class=\"col-md-12 mw-pad-0 tn-f-14\"><span class=\"mw-pad-l-0 mw-pad-r-20 tn-c-gray-4\">Escrito por\u00a0<b class=\"tn-f-lato-bold tn-c-gray-4\">Da Reda\u00e7\u00e3o<\/b><\/span><\/div>\n<div class=\"col-md-12 mw-pad-0 tn-f-14 tn-f-lato-light\"><span class=\"mw-pad-l-0 mw-pad-r-15 tn-c-gray-4\">Publicado em 03.08.2021, 17:37:01<\/span>\u00a0<span class=\"mw-pad-l-0 mw-pad-r-20 tn-c-gray-4\">Editado em 03.08.2021, 18:13:28<\/span><\/div>\n<div>\n<p>O boletim da Secretaria Estadual da Sa\u00fade (Sesa) sobre a taxa de ocupa\u00e7\u00e3o de leitos para Covid-19 divulgado nesta ter\u00e7a-feira (03), mostra que o n\u00famero de pacientes na regi\u00e3o segue em estabilidade.<\/p>\n<p>Em Arapongas, no Hospital Norte do Paran\u00e1 (Honpar), a queda no n\u00famero de pacientes que precisam de tratamento\u00a0 fez com que pelo menos 30 leitos para Covid-19 fossem descontratualizados, sendo 10 na UTI, passando de 66 para 56 leitos e 20 na enfermaria, passando de 50 para 30 leitos. Nesta ter\u00e7a, a taxa de ocupa\u00e7\u00e3o de leitos no Honpar est\u00e1 em 20% na enfermaria, com 6 pacientes internados. J\u00e1 na UTI, a ocupa\u00e7\u00e3o est\u00e1 em 17%, com 10 pacientes internados.<\/p>\n<p>Em Apucarana, no Hospital da Provid\u00eancia, a ocupa\u00e7\u00e3o da enfermaria est\u00e1 em 20% com 12 pacientes. Na UTI a ocupa\u00e7\u00e3o est\u00e1 em 47% com 11 pacientes. No Materno Infantil, 5 crian\u00e7as est\u00e3o internadas na enfermaria pedi\u00e1trica, 100% de ocupa\u00e7\u00e3o dos leitos dispon\u00edveis. De acordo com a assessoria da unidade de sa\u00fade, todos os leitos contratualizados pela Sesa continuam dispon\u00edveis e n\u00e3o h\u00e1 previs\u00e3o de desativa\u00e7\u00e3o por enquanto.<\/p>\n<p>As informa\u00e7\u00f5es sobre a ocupa\u00e7\u00e3o de Jandaia do sul n\u00e3o foram divulgadas no boletim desta ter\u00e7a.<\/p>\n<\/div>\n<\/div>\n<\/div>\n<p>&nbsp;<\/p>\n<p>&nbsp;<\/p>\n<p>&nbsp;<\/p>\n<p><a href=\"https:\/\/tnonline.uol.com.br\/noticias\/arapongas\/baixa-taxa-de-ocupacao-desativa-leitos-em-arapongas-542353\">https:\/\/tnonline.uol.com.br\/noticias\/arapongas\/baixa-taxa-de-ocupacao-desativa-leitos-em-arapongas-542353<\/a><\/p>\n<p>&nbsp;<\/p>\n","protected":false},"excerpt":{"rendered":"<p>COVID-19 Baixa taxa de ocupa\u00e7\u00e3o desativa leitos em Arapongas Pelo menos 30 leitos para Covid foram desativados no Honpar. Foto por Reprodu\u00e7\u00e3o Escrito por\u00a0Da Reda\u00e7\u00e3o Publicado<span class=\"excerpt-hellip\"> [?]<\/span><\/p>\n","protected":false},"author":111,"featured_media":8054,"comment_status":"closed","ping_status":"open","sticky":false,"template":"","format":"standard","meta":{"_joinchat":[],"footnotes":""},"categories":[159,230],"tags":[],"class_list":["post-8927","post","type-post","status-publish","format-standard","has-post-thumbnail","hentry","category-clientes","category-honpar-hospital-norte-paranaense"],"_links":{"self":[{"href":"https:\/\/www.inovelondrina.com.br\/agencia\/wp-json\/wp\/v2\/posts\/8927","targetHints":{"allow":["GET"]}}],"collection":[{"href":"https:\/\/www.inovelondrina.com.br\/agencia\/wp-json\/wp\/v2\/posts"}],"about":[{"href":"https:\/\/www.inovelondrina.com.br\/agencia\/wp-json\/wp\/v2\/types\/post"}],"author":[{"embeddable":true,"href":"https:\/\/www.inovelondrina.com.br\/agencia\/wp-json\/wp\/v2\/users\/111"}],"replies":[{"embeddable":true,"href":"https:\/\/www.inovelondrina.com.br\/agencia\/wp-json\/wp\/v2\/comments?post=8927"}],"version-history":[{"count":0,"href":"https:\/\/www.inovelondrina.com.br\/agencia\/wp-json\/wp\/v2\/posts\/8927\/revisions"}],"wp:featuredmedia":[{"embeddable":true,"href":"https:\/\/www.inovelondrina.com.br\/agencia\/wp-json\/wp\/v2\/media\/8054"}],"wp:attachment":[{"href":"https:\/\/www.inovelondrina.com.br\/agencia\/wp-json\/wp\/v2\/media?parent=8927"}],"wp:term":[{"taxonomy":"category","embeddable":true,"href":"https:\/\/www.inovelondrina.com.br\/agencia\/wp-json\/wp\/v2\/categories?post=8927"},{"taxonomy":"post_tag","embeddable":true,"href":"https:\/\/www.inovelondrina.com.br\/agencia\/wp-json\/wp\/v2\/tags?post=8927"}],"curies":[{"name":"wp","href":"https:\/\/api.w.org\/{rel}","templated":true}]}}