{"id":8920,"date":"2021-08-19T18:15:00","date_gmt":"2021-08-19T21:15:00","guid":{"rendered":"https:\/\/www.inovelondrina.com.br\/agencia\/?p=8920"},"modified":"2021-08-26T18:17:52","modified_gmt":"2021-08-26T21:17:52","slug":"uma-guerra-pela-vida","status":"publish","type":"post","link":"https:\/\/www.inovelondrina.com.br\/agencia\/uma-guerra-pela-vida\/","title":{"rendered":"Uma guerra pela vida"},"content":{"rendered":"<h4 class=\"entry-title h1\">Uma guerra pela vida<\/h4>\n<h5 class=\"entry-title h1\">Pandemia transforma experi\u00eancia de resid\u00eancia m\u00e9dica e promove um aprendizado profundo<\/h5>\n<p>19 de agosto 2021\u00a0 \u00a0 Jornal ED Not\u00edcias<\/p>\n<p><a href=\"https:\/\/bit.ly\/3sTE90q\">https:\/\/bit.ly\/3sTE90q<\/a><\/p>\n<blockquote class=\"wp-embedded-content\" data-secret=\"1DDZ1gfCEz\"><p><a href=\"https:\/\/ednoticias.com\/uma-guerra-pela-vida-pandemia-transforma-experiencia-de-residencia-medica-e-promove-um-aprendizado-profundo-inedito\/\">Uma guerra pela vida* *Pandemia transforma experi\u00eancia de resid\u00eancia m\u00e9dica e promove um aprendizado profundo in\u00e9dito<\/a><\/p><\/blockquote>\n<p><iframe loading=\"lazy\" class=\"wp-embedded-content\" sandbox=\"allow-scripts\" security=\"restricted\" style=\"position: absolute; clip: rect(1px, 1px, 1px, 1px);\" title=\"&#8220;Uma guerra pela vida* *Pandemia transforma experi\u00eancia de resid\u00eancia m\u00e9dica e promove um aprendizado profundo in\u00e9dito&#8221; &#8212; Ednot\u00edcias\" src=\"https:\/\/ednoticias.com\/uma-guerra-pela-vida-pandemia-transforma-experiencia-de-residencia-medica-e-promove-um-aprendizado-profundo-inedito\/embed\/#?secret=1DDZ1gfCEz\" data-secret=\"1DDZ1gfCEz\" width=\"600\" height=\"338\" frameborder=\"0\" marginwidth=\"0\" marginheight=\"0\" scrolling=\"no\"><\/iframe><\/p>\n","protected":false},"excerpt":{"rendered":"<p>Uma guerra pela vida Pandemia transforma experi\u00eancia de resid\u00eancia m\u00e9dica e promove um aprendizado profundo 19 de agosto 2021\u00a0 \u00a0 Jornal ED Not\u00edcias https:\/\/bit.ly\/3sTE90q Uma guerra<span class=\"excerpt-hellip\"> [?]<\/span><\/p>\n","protected":false},"author":111,"featured_media":7212,"comment_status":"closed","ping_status":"open","sticky":false,"template":"","format":"standard","meta":{"_joinchat":[],"footnotes":""},"categories":[159,230],"tags":[],"class_list":["post-8920","post","type-post","status-publish","format-standard","has-post-thumbnail","hentry","category-clientes","category-honpar-hospital-norte-paranaense"],"_links":{"self":[{"href":"https:\/\/www.inovelondrina.com.br\/agencia\/wp-json\/wp\/v2\/posts\/8920","targetHints":{"allow":["GET"]}}],"collection":[{"href":"https:\/\/www.inovelondrina.com.br\/agencia\/wp-json\/wp\/v2\/posts"}],"about":[{"href":"https:\/\/www.inovelondrina.com.br\/agencia\/wp-json\/wp\/v2\/types\/post"}],"author":[{"embeddable":true,"href":"https:\/\/www.inovelondrina.com.br\/agencia\/wp-json\/wp\/v2\/users\/111"}],"replies":[{"embeddable":true,"href":"https:\/\/www.inovelondrina.com.br\/agencia\/wp-json\/wp\/v2\/comments?post=8920"}],"version-history":[{"count":0,"href":"https:\/\/www.inovelondrina.com.br\/agencia\/wp-json\/wp\/v2\/posts\/8920\/revisions"}],"wp:featuredmedia":[{"embeddable":true,"href":"https:\/\/www.inovelondrina.com.br\/agencia\/wp-json\/wp\/v2\/media\/7212"}],"wp:attachment":[{"href":"https:\/\/www.inovelondrina.com.br\/agencia\/wp-json\/wp\/v2\/media?parent=8920"}],"wp:term":[{"taxonomy":"category","embeddable":true,"href":"https:\/\/www.inovelondrina.com.br\/agencia\/wp-json\/wp\/v2\/categories?post=8920"},{"taxonomy":"post_tag","embeddable":true,"href":"https:\/\/www.inovelondrina.com.br\/agencia\/wp-json\/wp\/v2\/tags?post=8920"}],"curies":[{"name":"wp","href":"https:\/\/api.w.org\/{rel}","templated":true}]}}