{"id":8732,"date":"2021-08-03T11:30:02","date_gmt":"2021-08-03T14:30:02","guid":{"rendered":"https:\/\/www.inovelondrina.com.br\/agencia\/?p=8732"},"modified":"2021-08-03T11:30:02","modified_gmt":"2021-08-03T14:30:02","slug":"humanizacao-hospitalar-semana-mundial-da-amamentacao-leva-arte-a-hospital","status":"publish","type":"post","link":"https:\/\/www.inovelondrina.com.br\/agencia\/humanizacao-hospitalar-semana-mundial-da-amamentacao-leva-arte-a-hospital\/","title":{"rendered":"Humaniza\u00e7\u00e3o Hospitalar: Semana Mundial da Amamenta\u00e7\u00e3o leva arte a hospital"},"content":{"rendered":"<h4 class=\" loop-title entry-title\">Humaniza\u00e7\u00e3o Hospitalar: Semana Mundial da Amamenta\u00e7\u00e3o leva arte a hospital<\/h4>\n<p><img loading=\"lazy\" decoding=\"async\" class=\"alignnone size-medium wp-image-8733\" src=\"https:\/\/www.inovelondrina.com.br\/agencia\/wp-content\/uploads\/2021\/08\/md-fb9d6d5e-f292-4257-8ba5-92535a814311-1-300x166.jpeg\" alt=\"\" width=\"300\" height=\"166\" srcset=\"https:\/\/www.inovelondrina.com.br\/agencia\/wp-content\/uploads\/2021\/08\/md-fb9d6d5e-f292-4257-8ba5-92535a814311-1-300x166.jpeg 300w, https:\/\/www.inovelondrina.com.br\/agencia\/wp-content\/uploads\/2021\/08\/md-fb9d6d5e-f292-4257-8ba5-92535a814311-1-260x144.jpeg 260w, https:\/\/www.inovelondrina.com.br\/agencia\/wp-content\/uploads\/2021\/08\/md-fb9d6d5e-f292-4257-8ba5-92535a814311-1-50x28.jpeg 50w, https:\/\/www.inovelondrina.com.br\/agencia\/wp-content\/uploads\/2021\/08\/md-fb9d6d5e-f292-4257-8ba5-92535a814311-1-136x75.jpeg 136w, https:\/\/www.inovelondrina.com.br\/agencia\/wp-content\/uploads\/2021\/08\/md-fb9d6d5e-f292-4257-8ba5-92535a814311-1.jpeg 634w\" sizes=\"auto, (max-width: 300px) 100vw, 300px\" \/><\/p>\n<p>O LONDRINENSE com assessoria<\/p>\n<p>A semana mundial da amamenta\u00e7\u00e3o ocorre na primeira semana de agosto \u2013 conhecido como m\u00eas dourado \u2013 oficialmente estabelecida pela OMS \/ UNICEF desde 1992. Promove a conscientiza\u00e7\u00e3o de m\u00e3es, pais, rede de apoio e profissionais da sa\u00fade sobre a import\u00e2ncia e os benef\u00edcios do aleitamento materno. O tema de 2021 \u00e9 \u201cProteger a amamenta\u00e7\u00e3o \u00e9 uma responsabilidade de todos\u201d e convida toda a comunidade a se voltar para o papel de cada um neste ato. H\u00e1 anos o Hospital Evang\u00e9lico de Londrina realiza eventos importantes para celebrar esta data, mas por conta da pandemia, as a\u00e7\u00f5es dessa vez ser\u00e3o diferentes.<\/p>\n<p>A Academia de Arte David Wang, de Londrina, com seus nove artistas integrantes, levar\u00e1 aos corredores do hospital sua exposi\u00e7\u00e3o intitulada \u201cImagem de Amor\u201d, com o objetivo de promover arte, beleza e conforto aos profissionais, pacientes e acompanhantes que passam pela institui\u00e7\u00e3o, al\u00e9m de trazer a beleza da maternidade em cada tela de maneira \u00fanica. Sem poder ser aberta ao p\u00fablico, as obras ficar\u00e3o expostas na institui\u00e7\u00e3o durante o m\u00eas de agosto e o evento ser\u00e1 compartilhado nas redes sociais do hospital. Todos os quadros expostos est\u00e3o \u00e0 venda e parte do lucro obtido ser\u00e1 revertido ao Hospital Evang\u00e9lico, que \u00e9 filantr\u00f3pico e tem cerca de 60% dos seus atendimentos destinados a pacientes do SUS.<\/p>\n<p>Os artistas tamb\u00e9m se uniram em outra a\u00e7\u00e3o in\u00e9dita, a confec\u00e7\u00e3o e doa\u00e7\u00e3o de um painel sobre a import\u00e2ncia do aleitamento materno, que ser\u00e1 exposto com as demais obras e depois fixado nos corredores da maternidade. A obra de 2,5 metros de comprimento ser\u00e1 feita \u00e0 nove m\u00e3os, com a participa\u00e7\u00e3o de todos os artistas, cada um com seu estilo. Com t\u00e9cnica especial de colagem de diferentes materiais \u2013 entre eles madeira e folhas de ouro, expressar\u00e1 elementos fundamentais da amamenta\u00e7\u00e3o, lembrando a rela\u00e7\u00e3o de afeto presente no ato de amamentar.<\/p>\n<p>Artistas respons\u00e1veis:<\/p>\n<p>David Wang<\/p>\n<p>Carol Wang<\/p>\n<p>Celia Morioka<\/p>\n<p>Cibele Pugliesi<\/p>\n<p>La\u00eds Toffoli<\/p>\n<p>Leandro Diniz<\/p>\n<p>Josiane Dias<\/p>\n<p>Roberta Neme<\/p>\n<p>Wanda Coutinho<\/p>\n<p><strong>Exposi\u00e7\u00e3o de artes pl\u00e1sticas \u201cImagem de Amor\u201d<\/strong><\/p>\n<p>Per\u00edodo: de 3 a 31 de agosto de 2021<\/p>\n<p>Visita\u00e7\u00e3o: fechada ao p\u00fablico externo<\/p>\n<p>Local: Hospital Evang\u00e9lico de Londrina \u2013 Av. Bandeirantes, n.618 \u2013 Vila Ipiranga \u2013 Londrina, PR.<\/p>\n<p>Foto: Divulga\u00e7\u00e3o\/Hospital Evang\u00e9lico<\/p>\n<p>&nbsp;<\/p>\n<p>&nbsp;<\/p>\n<p><a href=\"https:\/\/olondrinense.com.br\/humanizacao-hospitalar-semana-mundial-da-amamentacao-leva-arte-a-hospital\/\">https:\/\/olondrinense.com.br\/humanizacao-hospitalar-semana-mundial-da-amamentacao-leva-arte-a-hospital\/<\/a><\/p>\n","protected":false},"excerpt":{"rendered":"<p>Humaniza\u00e7\u00e3o Hospitalar: Semana Mundial da Amamenta\u00e7\u00e3o leva arte a hospital O LONDRINENSE com assessoria A semana mundial da amamenta\u00e7\u00e3o ocorre na primeira semana de agosto \u2013<span class=\"excerpt-hellip\"> [?]<\/span><\/p>\n","protected":false},"author":111,"featured_media":8556,"comment_status":"closed","ping_status":"open","sticky":false,"template":"","format":"standard","meta":{"_joinchat":[],"footnotes":""},"categories":[159,171],"tags":[],"class_list":["post-8732","post","type-post","status-publish","format-standard","has-post-thumbnail","hentry","category-clientes","category-hospital-evangelico"],"_links":{"self":[{"href":"https:\/\/www.inovelondrina.com.br\/agencia\/wp-json\/wp\/v2\/posts\/8732","targetHints":{"allow":["GET"]}}],"collection":[{"href":"https:\/\/www.inovelondrina.com.br\/agencia\/wp-json\/wp\/v2\/posts"}],"about":[{"href":"https:\/\/www.inovelondrina.com.br\/agencia\/wp-json\/wp\/v2\/types\/post"}],"author":[{"embeddable":true,"href":"https:\/\/www.inovelondrina.com.br\/agencia\/wp-json\/wp\/v2\/users\/111"}],"replies":[{"embeddable":true,"href":"https:\/\/www.inovelondrina.com.br\/agencia\/wp-json\/wp\/v2\/comments?post=8732"}],"version-history":[{"count":0,"href":"https:\/\/www.inovelondrina.com.br\/agencia\/wp-json\/wp\/v2\/posts\/8732\/revisions"}],"wp:featuredmedia":[{"embeddable":true,"href":"https:\/\/www.inovelondrina.com.br\/agencia\/wp-json\/wp\/v2\/media\/8556"}],"wp:attachment":[{"href":"https:\/\/www.inovelondrina.com.br\/agencia\/wp-json\/wp\/v2\/media?parent=8732"}],"wp:term":[{"taxonomy":"category","embeddable":true,"href":"https:\/\/www.inovelondrina.com.br\/agencia\/wp-json\/wp\/v2\/categories?post=8732"},{"taxonomy":"post_tag","embeddable":true,"href":"https:\/\/www.inovelondrina.com.br\/agencia\/wp-json\/wp\/v2\/tags?post=8732"}],"curies":[{"name":"wp","href":"https:\/\/api.w.org\/{rel}","templated":true}]}}