{"id":8728,"date":"2021-08-03T11:27:43","date_gmt":"2021-08-03T14:27:43","guid":{"rendered":"https:\/\/www.inovelondrina.com.br\/agencia\/?p=8728"},"modified":"2021-08-03T11:27:43","modified_gmt":"2021-08-03T14:27:43","slug":"semana-de-amamentacao-traz-exposicao-de-arte-para-hospital-evangelico","status":"publish","type":"post","link":"https:\/\/www.inovelondrina.com.br\/agencia\/semana-de-amamentacao-traz-exposicao-de-arte-para-hospital-evangelico\/","title":{"rendered":"Semana de Amamenta\u00e7\u00e3o traz exposi\u00e7\u00e3o de arte para Hospital Evang\u00e9lico"},"content":{"rendered":"<h4>Semana de Amamenta\u00e7\u00e3o traz exposi\u00e7\u00e3o de arte para Hospital Evang\u00e9lico<\/h4>\n<p><img loading=\"lazy\" decoding=\"async\" class=\"alignnone size-medium wp-image-8729\" src=\"https:\/\/www.inovelondrina.com.br\/agencia\/wp-content\/uploads\/2021\/08\/md-fb9d6d5e-f292-4257-8ba5-92535a814311-300x166.jpeg\" alt=\"\" width=\"300\" height=\"166\" srcset=\"https:\/\/www.inovelondrina.com.br\/agencia\/wp-content\/uploads\/2021\/08\/md-fb9d6d5e-f292-4257-8ba5-92535a814311-300x166.jpeg 300w, https:\/\/www.inovelondrina.com.br\/agencia\/wp-content\/uploads\/2021\/08\/md-fb9d6d5e-f292-4257-8ba5-92535a814311-260x144.jpeg 260w, https:\/\/www.inovelondrina.com.br\/agencia\/wp-content\/uploads\/2021\/08\/md-fb9d6d5e-f292-4257-8ba5-92535a814311-50x28.jpeg 50w, https:\/\/www.inovelondrina.com.br\/agencia\/wp-content\/uploads\/2021\/08\/md-fb9d6d5e-f292-4257-8ba5-92535a814311-136x75.jpeg 136w, https:\/\/www.inovelondrina.com.br\/agencia\/wp-content\/uploads\/2021\/08\/md-fb9d6d5e-f292-4257-8ba5-92535a814311.jpeg 634w\" sizes=\"auto, (max-width: 300px) 100vw, 300px\" \/><\/p>\n<p>Em alus\u00e3o \u00e0 semana mundial da amamenta\u00e7\u00e3o, que ocorre na primeira semana de agosto &#8211; conhecido como m\u00eas dourado \u2013 a Academia de Arte David Wang, de Londrina, com seus nove artistas integrantes, levar\u00e1 aos corredores do hospital Evang\u00e9lico de Londrina sua exposi\u00e7\u00e3o intitulada &#8220;Imagem de Amor&#8221;, com o objetivo de promover arte, beleza e conforto aos profissionais, pacientes e acompanhantes que passam pela institui\u00e7\u00e3o, al\u00e9m de trazer a beleza da maternidade em cada tela de maneira \u00fanica.<\/p>\n<p>H\u00e1 anos o Hospital Evang\u00e9lico de Londrina realiza eventos importantes para celebrar esta data, mas por conta da pandemia, as a\u00e7\u00f5es dessa vez ser\u00e3o diferentes.<\/p>\n<p>Sem poder ser aberta ao p\u00fablico, as obras ficar\u00e3o expostas na institui\u00e7\u00e3o durante o m\u00eas de agosto e o evento ser\u00e1 compartilhado nas redes sociais do hospital. Todos os quadros expostos est\u00e3o \u00e0 venda e parte do lucro obtido ser\u00e1 revertido ao Hospital Evang\u00e9lico, que \u00e9 filantr\u00f3pico e tem cerca de 60% dos seus atendimentos destinados a pacientes do SUS.<\/p>\n<p>Os artistas tamb\u00e9m se uniram em outra a\u00e7\u00e3o in\u00e9dita, a confec\u00e7\u00e3o e doa\u00e7\u00e3o de um painel sobre a import\u00e2ncia do aleitamento materno, que ser\u00e1 exposto com as demais obras e depois fixado nos corredores da maternidade. A obra de 2,5 metros de comprimento ser\u00e1 feita \u00e0 nove m\u00e3os, com a participa\u00e7\u00e3o de todos os artistas, cada um com seu estilo. Com t\u00e9cnica especial de colagem de diferentes materiais &#8211; entre eles madeira e folhas de ouro, expressar\u00e1 elementos fundamentais da amamenta\u00e7\u00e3o, lembrando a rela\u00e7\u00e3o de afeto presente no ato de amamentar.<\/p>\n<p>Semana Mundial da amamenta\u00e7\u00e3o<\/p>\n<p>Oficialmente estabelecida pela OMS \/ UNICEF desde 1992, a Semana promove a conscientiza\u00e7\u00e3o de m\u00e3es, pais, rede de apoio e profissionais da sa\u00fade sobre a import\u00e2ncia e os benef\u00edcios do aleitamento materno. O tema de 2021 \u00e9 &#8220;Proteger a amamenta\u00e7\u00e3o \u00e9 uma responsabilidade de todos&#8221; e convida toda a comunidade a se voltar para o papel de cada um neste ato.<\/p>\n<p>Artistas respons\u00e1veis:<\/p>\n<p>David Wang<\/p>\n<p>Carol Wang<\/p>\n<p>Celia Morioka<\/p>\n<p>Cibele Pugliesi<\/p>\n<p>La\u00eds Toffoli<\/p>\n<p>Leandro Diniz<\/p>\n<p>Josiane Dias<\/p>\n<p>Roberta Neme<\/p>\n<p>Wanda Coutinho<\/p>\n<p><a href=\"https:\/\/tarobanews.com\/entretenimento\/arte\/semana-de-amamentacao-traz-exposicao-de-arte-para-hospital-evangelico-529Do.html\">https:\/\/tarobanews.com\/entretenimento\/arte\/semana-de-amamentacao-traz-exposicao-de-arte-para-hospital-evangelico-529Do.html<\/a><\/p>\n<p>&nbsp;<\/p>\n","protected":false},"excerpt":{"rendered":"<p>Semana de Amamenta\u00e7\u00e3o traz exposi\u00e7\u00e3o de arte para Hospital Evang\u00e9lico Em alus\u00e3o \u00e0 semana mundial da amamenta\u00e7\u00e3o, que ocorre na primeira semana de agosto &#8211; conhecido<span class=\"excerpt-hellip\"> [?]<\/span><\/p>\n","protected":false},"author":111,"featured_media":8730,"comment_status":"closed","ping_status":"open","sticky":false,"template":"","format":"standard","meta":{"_joinchat":[],"footnotes":""},"categories":[159,171],"tags":[],"class_list":["post-8728","post","type-post","status-publish","format-standard","has-post-thumbnail","hentry","category-clientes","category-hospital-evangelico"],"_links":{"self":[{"href":"https:\/\/www.inovelondrina.com.br\/agencia\/wp-json\/wp\/v2\/posts\/8728","targetHints":{"allow":["GET"]}}],"collection":[{"href":"https:\/\/www.inovelondrina.com.br\/agencia\/wp-json\/wp\/v2\/posts"}],"about":[{"href":"https:\/\/www.inovelondrina.com.br\/agencia\/wp-json\/wp\/v2\/types\/post"}],"author":[{"embeddable":true,"href":"https:\/\/www.inovelondrina.com.br\/agencia\/wp-json\/wp\/v2\/users\/111"}],"replies":[{"embeddable":true,"href":"https:\/\/www.inovelondrina.com.br\/agencia\/wp-json\/wp\/v2\/comments?post=8728"}],"version-history":[{"count":0,"href":"https:\/\/www.inovelondrina.com.br\/agencia\/wp-json\/wp\/v2\/posts\/8728\/revisions"}],"wp:featuredmedia":[{"embeddable":true,"href":"https:\/\/www.inovelondrina.com.br\/agencia\/wp-json\/wp\/v2\/media\/8730"}],"wp:attachment":[{"href":"https:\/\/www.inovelondrina.com.br\/agencia\/wp-json\/wp\/v2\/media?parent=8728"}],"wp:term":[{"taxonomy":"category","embeddable":true,"href":"https:\/\/www.inovelondrina.com.br\/agencia\/wp-json\/wp\/v2\/categories?post=8728"},{"taxonomy":"post_tag","embeddable":true,"href":"https:\/\/www.inovelondrina.com.br\/agencia\/wp-json\/wp\/v2\/tags?post=8728"}],"curies":[{"name":"wp","href":"https:\/\/api.w.org\/{rel}","templated":true}]}}