{"id":8721,"date":"2021-07-20T08:55:05","date_gmt":"2021-07-20T11:55:05","guid":{"rendered":"https:\/\/www.inovelondrina.com.br\/agencia\/?p=8721"},"modified":"2021-08-03T09:09:34","modified_gmt":"2021-08-03T12:09:34","slug":"saude-das-criancas-nas-ferias","status":"publish","type":"post","link":"https:\/\/www.inovelondrina.com.br\/agencia\/saude-das-criancas-nas-ferias\/","title":{"rendered":"Sa\u00fade das crian\u00e7as nas f\u00e9rias"},"content":{"rendered":"<p>Sa\u00fade das Crian\u00e7as nas f\u00e9rias<\/p>\n<p>Programa Destaque 20\/07\/2021 &#8211; Rede Massa\/SBT<\/p>\n<p>&nbsp;<\/p>\n<p><iframe loading=\"lazy\" title=\"Sa\u00fade das crian\u00e7as nas f\u00e9rias - Destaque Londrina (20\/07\/2021)\" width=\"1220\" height=\"686\" src=\"https:\/\/www.youtube.com\/embed\/CZCBs63w1H0?feature=oembed\" frameborder=\"0\" allow=\"accelerometer; autoplay; clipboard-write; encrypted-media; gyroscope; picture-in-picture\" allowfullscreen><\/iframe><\/p>\n<p>&nbsp;<\/p>\n<p>&nbsp;<\/p>\n<p>&nbsp;<\/p>\n<p>&nbsp;<\/p>\n","protected":false},"excerpt":{"rendered":"<p>Sa\u00fade das Crian\u00e7as nas f\u00e9rias Programa Destaque 20\/07\/2021 &#8211; Rede Massa\/SBT &nbsp; &nbsp; &nbsp; &nbsp; &nbsp;<\/p>\n","protected":false},"author":111,"featured_media":8722,"comment_status":"closed","ping_status":"open","sticky":false,"template":"","format":"standard","meta":{"_joinchat":[],"footnotes":""},"categories":[159,171],"tags":[],"class_list":["post-8721","post","type-post","status-publish","format-standard","has-post-thumbnail","hentry","category-clientes","category-hospital-evangelico"],"_links":{"self":[{"href":"https:\/\/www.inovelondrina.com.br\/agencia\/wp-json\/wp\/v2\/posts\/8721","targetHints":{"allow":["GET"]}}],"collection":[{"href":"https:\/\/www.inovelondrina.com.br\/agencia\/wp-json\/wp\/v2\/posts"}],"about":[{"href":"https:\/\/www.inovelondrina.com.br\/agencia\/wp-json\/wp\/v2\/types\/post"}],"author":[{"embeddable":true,"href":"https:\/\/www.inovelondrina.com.br\/agencia\/wp-json\/wp\/v2\/users\/111"}],"replies":[{"embeddable":true,"href":"https:\/\/www.inovelondrina.com.br\/agencia\/wp-json\/wp\/v2\/comments?post=8721"}],"version-history":[{"count":0,"href":"https:\/\/www.inovelondrina.com.br\/agencia\/wp-json\/wp\/v2\/posts\/8721\/revisions"}],"wp:featuredmedia":[{"embeddable":true,"href":"https:\/\/www.inovelondrina.com.br\/agencia\/wp-json\/wp\/v2\/media\/8722"}],"wp:attachment":[{"href":"https:\/\/www.inovelondrina.com.br\/agencia\/wp-json\/wp\/v2\/media?parent=8721"}],"wp:term":[{"taxonomy":"category","embeddable":true,"href":"https:\/\/www.inovelondrina.com.br\/agencia\/wp-json\/wp\/v2\/categories?post=8721"},{"taxonomy":"post_tag","embeddable":true,"href":"https:\/\/www.inovelondrina.com.br\/agencia\/wp-json\/wp\/v2\/tags?post=8721"}],"curies":[{"name":"wp","href":"https:\/\/api.w.org\/{rel}","templated":true}]}}