{"id":8641,"date":"2021-07-26T15:25:29","date_gmt":"2021-07-26T18:25:29","guid":{"rendered":"https:\/\/www.inovelondrina.com.br\/agencia\/?p=8641"},"modified":"2021-07-27T15:31:10","modified_gmt":"2021-07-27T18:31:10","slug":"live-sertaneja-ajuda-hospital-evangelico","status":"publish","type":"post","link":"https:\/\/www.inovelondrina.com.br\/agencia\/live-sertaneja-ajuda-hospital-evangelico\/","title":{"rendered":"Live sertaneja ajuda Hospital Evang\u00e9lico"},"content":{"rendered":"<h5>RESVISTA ATREVIDA<\/h5>\n<p><img loading=\"lazy\" decoding=\"async\" class=\"alignnone size-medium wp-image-8643\" src=\"https:\/\/www.inovelondrina.com.br\/agencia\/wp-content\/uploads\/2021\/07\/download-4-300x79.jpg\" alt=\"\" width=\"300\" height=\"79\" \/><\/p>\n<h5 class=\"zox-post-title left entry-title\">Com videoclipe em est\u00e9tica de guerra, cantor sertanejo, Jo\u00e3o Anesi, lan\u00e7a \u201cP\u00e9s nos Ch\u00e3o\u201d<\/h5>\n<p>M\u00fasica reflete sobre o amor e a urg\u00eancia de viver, confira a produ\u00e7\u00e3o!<\/p>\n<p>&nbsp;<\/p>\n<p>Revela\u00e7\u00e3o do universo teen, o jovem cantor Jo\u00e3o Anesi anuncia sua mais nova m\u00fasica \u201cP\u00e9s no Ch\u00e3o\u201d. O single vem acompanhado de um clipe cinematogr\u00e1fico, com narrativa baseada na guerra e traz o cantor atuando como personagem principal.<\/p>\n<p>PUBLICIDADE<\/p>\n<p>Com uma melodia emocionante, a can\u00e7\u00e3o nos lembra de que a vida \u00e9 breve e nos impulsiona a viv\u00ea-la intensamente ao lado de quem amamos. \u201cEspero que as pessoas se sintam tocadas com a hist\u00f3ria, que n\u00e3o \u00e9 s\u00f3 sobre o amor entre casais, mas o amor da fam\u00edlia, entre pai, m\u00e3e, irm\u00e3os e parentes\u201d, comenta Anesi.<\/p>\n<p>O clipe de \u201cP\u00e9s no Ch\u00e3o\u201d tem a dire\u00e7\u00e3o e roteiro de Gui Dalzoto, conhecido por seus trabalhos com Luan Santana, e traz diversas cenas de a\u00e7\u00e3o, que remetem a filmes de guerra e at\u00e9 games, como Battlefield\u2013 um dos jogos mais famosos do mundo no segmento.<\/p>\n<p>Trama do videoclipe<br \/>\nA hist\u00f3ria fala sobre um pai que vai para a linha de frente. Mas ele n\u00e3o retorna para casa, deixando a esposa e o filho, ainda pequeno. Anos depois, o garotinho cresce (Anesi) e tamb\u00e9m se alista, provocando o desespero de sua m\u00e3e e namorada, que ficam \u00e0 espera do dia em que o soldado voltar\u00e1. Do in\u00edcio ao fim, a narrativa \u00e9 intercalada com cenas de combate (gravadas com armas de airsoft).<\/p>\n<p>Ali\u00e1s, o salto de paraquedas, que foi feito pela primeira vez pelo cantor, durante as grava\u00e7\u00f5es. Tudo isso somado a din\u00e2micos takes de Anesi e banda tocando com avi\u00f5es estacionados ao fundo, no hangar Aerosul de Arapongas. Vale ressaltar que o jovem cantor n\u00e3o s\u00f3 atuou no clipe, mas tamb\u00e9m tomou a frente de toda a produ\u00e7\u00e3o executiva durante as filmagens.<\/p>\n<p>Al\u00e9m disso, a premiere do clipe aconteceu no dia 23 de julho, durante a \u201cLive Solid\u00e1ria\u201d, <strong>um show online em prol do Hospital Evang\u00e9lico de Londrina<\/strong>, organizado pela LB7 Music em parceria com a R\u00e1dio Gra\u00fana FM. O evento contou com a participa\u00e7\u00e3o ao vivo de Jo\u00e3o Anesi, do cantor Z\u00e9 Roberto e da dupla Pedro &amp; Paran\u00e1.<\/p>\n","protected":false},"excerpt":{"rendered":"<p>RESVISTA ATREVIDA Com videoclipe em est\u00e9tica de guerra, cantor sertanejo, Jo\u00e3o Anesi, lan\u00e7a \u201cP\u00e9s nos Ch\u00e3o\u201d M\u00fasica reflete sobre o amor e a urg\u00eancia de viver,<span class=\"excerpt-hellip\"> [?]<\/span><\/p>\n","protected":false},"author":111,"featured_media":8642,"comment_status":"closed","ping_status":"open","sticky":false,"template":"","format":"standard","meta":{"_joinchat":[],"footnotes":""},"categories":[159,171],"tags":[],"class_list":["post-8641","post","type-post","status-publish","format-standard","has-post-thumbnail","hentry","category-clientes","category-hospital-evangelico"],"_links":{"self":[{"href":"https:\/\/www.inovelondrina.com.br\/agencia\/wp-json\/wp\/v2\/posts\/8641","targetHints":{"allow":["GET"]}}],"collection":[{"href":"https:\/\/www.inovelondrina.com.br\/agencia\/wp-json\/wp\/v2\/posts"}],"about":[{"href":"https:\/\/www.inovelondrina.com.br\/agencia\/wp-json\/wp\/v2\/types\/post"}],"author":[{"embeddable":true,"href":"https:\/\/www.inovelondrina.com.br\/agencia\/wp-json\/wp\/v2\/users\/111"}],"replies":[{"embeddable":true,"href":"https:\/\/www.inovelondrina.com.br\/agencia\/wp-json\/wp\/v2\/comments?post=8641"}],"version-history":[{"count":0,"href":"https:\/\/www.inovelondrina.com.br\/agencia\/wp-json\/wp\/v2\/posts\/8641\/revisions"}],"wp:featuredmedia":[{"embeddable":true,"href":"https:\/\/www.inovelondrina.com.br\/agencia\/wp-json\/wp\/v2\/media\/8642"}],"wp:attachment":[{"href":"https:\/\/www.inovelondrina.com.br\/agencia\/wp-json\/wp\/v2\/media?parent=8641"}],"wp:term":[{"taxonomy":"category","embeddable":true,"href":"https:\/\/www.inovelondrina.com.br\/agencia\/wp-json\/wp\/v2\/categories?post=8641"},{"taxonomy":"post_tag","embeddable":true,"href":"https:\/\/www.inovelondrina.com.br\/agencia\/wp-json\/wp\/v2\/tags?post=8641"}],"curies":[{"name":"wp","href":"https:\/\/api.w.org\/{rel}","templated":true}]}}