{"id":8617,"date":"2021-07-26T10:37:18","date_gmt":"2021-07-26T13:37:18","guid":{"rendered":"https:\/\/www.inovelondrina.com.br\/agencia\/?p=8617"},"modified":"2021-07-27T10:49:54","modified_gmt":"2021-07-27T13:49:54","slug":"live-solidario-em-prol-do-hospital-evangelico-de-londrina","status":"publish","type":"post","link":"https:\/\/www.inovelondrina.com.br\/agencia\/live-solidario-em-prol-do-hospital-evangelico-de-londrina\/","title":{"rendered":"Live Solid\u00e1ria em prol do Hospital Evang\u00e9lico de Londrina"},"content":{"rendered":"<h5 class=\"main-title\">Jo\u00e3o Anesi lan\u00e7a \u201cP\u00e9s no Ch\u00e3o\u201d com clipe cinematogr\u00e1fico<\/h5>\n<p>A can\u00e7\u00e3o reflete sobre o amor e a urg\u00eancia de viver<\/p>\n<div class=\"panel\">\n<div class=\"user\">\n<p>Revela\u00e7\u00e3o do universo teen, o jovem cantor Jo\u00e3o Anesi anuncia sua mais nova m\u00fasica \u201cP\u00e9s no Ch\u00e3o\u201d, O single vem acompanhado de um clipe cinematogr\u00e1fico, com narrativa baseada na guerra e traz o cantor atuando como personagem principal. Com uma melodia emocionante, a can\u00e7\u00e3o nos lembra de que a vida \u00e9 breve e nos impulsiona a viv\u00ea-la intensamente ao lado de quem amamos. \u201cEspero que as pessoas se sintam tocadas com a hist\u00f3ria, que n\u00e3o \u00e9 s\u00f3 sobre o amor entre casais, mas o amor da fam\u00edlia, entre pai, m\u00e3e, irm\u00e3os e parentes\u201d, comenta Anesi. O lan\u00e7amento \u00e9 da LB7 Music, assinado pelos renomados produtores musicais Orlando Baron e Luis Gustavo Garcia.<\/p>\n<p>O clipe de \u201cP\u00e9s no Ch\u00e3o\u201d tem a dire\u00e7\u00e3o e roteiro de Gui Dalzoto, conhecido por seus trabalhos com Luan Santana, e traz diversas cenas de a\u00e7\u00e3o, que remetem a filmes de guerra e at\u00e9 games, como Battlefield \u2013 um dos jogos mais famosos do mundo no segmento. A hist\u00f3ria fala sobre um pai que vai para a linha de frente e n\u00e3o retorna mais para casa, deixando a esposa e o filho, ainda pequeno. Anos depois, o garotinho cresce (Anesi) e tamb\u00e9m se alista, provocando o desespero de sua m\u00e3e e namorada, que ficam \u00e0 espera do dia em que o soldado voltar\u00e1. Do in\u00edcio ao fim, a narrativa \u00e9 intercalada com cenas de combate (gravadas com armas de airsoft), incluindo um salto real de paraquedas, que foi feito pela primeira vez pelo cantor, durante as grava\u00e7\u00f5es. Tudo isso somado a din\u00e2micos takes de Anesi e banda tocando com avi\u00f5es estacionados ao fundo, no hangar Aerosul de Arapongas.<\/p>\n<p>As filmagens foram realizadas no Paran\u00e1, principalmente em Rol\u00e2ndia, cidade natal de Anesi. Entre os diversos cen\u00e1rios est\u00e3o: a Pousada Marabu, a Estrada S\u00e3o Rafael, o Pub Emporio Lima, um galp\u00e3o abandonado, um campo aberto de airsoft, al\u00e9m do Aeroporto 14 Bis, de Londrina. Vale ressaltar que o jovem cantor n\u00e3o s\u00f3 atuou no clipe, mas tamb\u00e9m tomou a frente de toda a produ\u00e7\u00e3o executiva durante as filmagens.<\/p>\n<div class=\"teads-inread teads-display sm-screen teads-display-format\">\n<div>\n<div id=\"teads0\" class=\"teads-player\">Uma premiere do clipe foi realizada no dia 23 de julho, durante a \u201cLive Solid\u00e1ria\u201d, <strong>um show online em prol do Hospital Evang\u00e9lico de Londrina,<\/strong> organizado pela LB7 Music em parceria com a R\u00e1dio Gra\u00fana FM. O evento contou com a participa\u00e7\u00e3o ao vivo de Jo\u00e3o Anesi, do cantor Z\u00e9 Roberto e da dupla Pedro &amp; Paran\u00e1.<\/div>\n<\/div>\n<\/div>\n<p>Os compositores de \u201cP\u00e9s no Ch\u00e3o\u201d s\u00e3o: Virg\u00edlio Franco, Michel Alves, Anderson Viana e DJ Kevin.<\/p>\n<p><strong>SOBRE JO\u00c3O ANESI<\/strong><\/p>\n<p>Cheio de carisma e talento, aos 21 anos Jo\u00e3o Anesi tem se destacado no mundo da m\u00fasica, atrav\u00e9s de suas can\u00e7\u00f5es rom\u00e2nticas, modernas e dan\u00e7antes. Neto do locutor de rodeio Mir\u00e3o Pena Branca, o cantor cresceu alimentando a sua admira\u00e7\u00e3o pelo meio art\u00edstico ao acompanhar o av\u00f4 no palco durante as festas de pe\u00e3o na regi\u00e3o de Rol\u00e2ndia, no Paran\u00e1, al\u00e9m de frequentar rodas de viola ao lado de seu pai. Realizando shows desde os 15 anos, aos 19 ele gravou sua primeira m\u00fasica autoral: Depois dos 60, que j\u00e1 conta com mais de meio milh\u00e3o de visualiza\u00e7\u00f5es no YouTube. De forma independente, o artista tamb\u00e9m tem duas m\u00fasicas autorais lan\u00e7adas: Sorriso Lindo e Contagem dos Anjos, essa composta em parceria com o cantor e compositor Murilo Huff. Em 2020, Anesi passou a integrar o time de artistas da LB7 Music e, desde ent\u00e3o, j\u00e1 lan\u00e7ou seis singles compilados em um DVD ao vivo, s\u00e3o eles: Fogos de Artif\u00edcio, Invejinha Boba, Beijinho na Testa, Estrela Cadente, Te Deixo Sem Gra\u00e7a e O que Voc\u00ea Faz, al\u00e9m do lan\u00e7amento P\u00e9s no Ch\u00e3o<\/p>\n<div><a href=\"https:\/\/jornaldebrasilia.com.br\/entretenimento\/joao-anesi-lanca-pes-no-chao-com-clipe-cinematografico\/\">https:\/\/jornaldebrasilia.com.br\/entretenimento\/joao-anesi-lanca-pes-no-chao-com-clipe-cinematografico\/<\/a><\/div>\n<\/div>\n<\/div>\n","protected":false},"excerpt":{"rendered":"<p>Jo\u00e3o Anesi lan\u00e7a \u201cP\u00e9s no Ch\u00e3o\u201d com clipe cinematogr\u00e1fico A can\u00e7\u00e3o reflete sobre o amor e a urg\u00eancia de viver Revela\u00e7\u00e3o do universo teen, o jovem<span class=\"excerpt-hellip\"> [?]<\/span><\/p>\n","protected":false},"author":111,"featured_media":8618,"comment_status":"closed","ping_status":"open","sticky":false,"template":"","format":"standard","meta":{"_joinchat":[],"footnotes":""},"categories":[159,171],"tags":[],"class_list":["post-8617","post","type-post","status-publish","format-standard","has-post-thumbnail","hentry","category-clientes","category-hospital-evangelico"],"_links":{"self":[{"href":"https:\/\/www.inovelondrina.com.br\/agencia\/wp-json\/wp\/v2\/posts\/8617","targetHints":{"allow":["GET"]}}],"collection":[{"href":"https:\/\/www.inovelondrina.com.br\/agencia\/wp-json\/wp\/v2\/posts"}],"about":[{"href":"https:\/\/www.inovelondrina.com.br\/agencia\/wp-json\/wp\/v2\/types\/post"}],"author":[{"embeddable":true,"href":"https:\/\/www.inovelondrina.com.br\/agencia\/wp-json\/wp\/v2\/users\/111"}],"replies":[{"embeddable":true,"href":"https:\/\/www.inovelondrina.com.br\/agencia\/wp-json\/wp\/v2\/comments?post=8617"}],"version-history":[{"count":0,"href":"https:\/\/www.inovelondrina.com.br\/agencia\/wp-json\/wp\/v2\/posts\/8617\/revisions"}],"wp:featuredmedia":[{"embeddable":true,"href":"https:\/\/www.inovelondrina.com.br\/agencia\/wp-json\/wp\/v2\/media\/8618"}],"wp:attachment":[{"href":"https:\/\/www.inovelondrina.com.br\/agencia\/wp-json\/wp\/v2\/media?parent=8617"}],"wp:term":[{"taxonomy":"category","embeddable":true,"href":"https:\/\/www.inovelondrina.com.br\/agencia\/wp-json\/wp\/v2\/categories?post=8617"},{"taxonomy":"post_tag","embeddable":true,"href":"https:\/\/www.inovelondrina.com.br\/agencia\/wp-json\/wp\/v2\/tags?post=8617"}],"curies":[{"name":"wp","href":"https:\/\/api.w.org\/{rel}","templated":true}]}}