{"id":8565,"date":"2021-06-23T12:54:29","date_gmt":"2021-06-23T15:54:29","guid":{"rendered":"https:\/\/www.inovelondrina.com.br\/agencia\/?p=8565"},"modified":"2021-06-28T13:01:00","modified_gmt":"2021-06-28T16:01:00","slug":"doacao-ao-hospital-evangelico","status":"publish","type":"post","link":"https:\/\/www.inovelondrina.com.br\/agencia\/doacao-ao-hospital-evangelico\/","title":{"rendered":"Doa\u00e7\u00e3o ao Hospital Evang\u00e9lico"},"content":{"rendered":"<p><a href=\"https:\/\/youtu.be\/d1b5D-Hp4HE\">Doa\u00e7\u00e3o ao Hospital Evang\u00e9lico<\/a><\/p>\n<p>12 de junho de 2021<\/p>\n<p><img loading=\"lazy\" decoding=\"async\" class=\"alignnone  wp-image-8566\" src=\"https:\/\/www.inovelondrina.com.br\/agencia\/wp-content\/uploads\/2021\/06\/WhatsApp-Image-2021-06-23-at-10.03.22-135x300.jpeg\" alt=\"\" width=\"220\" height=\"489\" srcset=\"https:\/\/www.inovelondrina.com.br\/agencia\/wp-content\/uploads\/2021\/06\/WhatsApp-Image-2021-06-23-at-10.03.22-135x300.jpeg 135w, https:\/\/www.inovelondrina.com.br\/agencia\/wp-content\/uploads\/2021\/06\/WhatsApp-Image-2021-06-23-at-10.03.22.jpeg 461w\" sizes=\"auto, (max-width: 220px) 100vw, 220px\" \/><\/p>\n","protected":false},"excerpt":{"rendered":"<p>Doa\u00e7\u00e3o ao Hospital Evang\u00e9lico 12 de junho de 2021<\/p>\n","protected":false},"author":111,"featured_media":7353,"comment_status":"closed","ping_status":"open","sticky":false,"template":"","format":"standard","meta":{"_joinchat":[],"footnotes":""},"categories":[171],"tags":[],"class_list":["post-8565","post","type-post","status-publish","format-standard","has-post-thumbnail","hentry","category-hospital-evangelico"],"_links":{"self":[{"href":"https:\/\/www.inovelondrina.com.br\/agencia\/wp-json\/wp\/v2\/posts\/8565","targetHints":{"allow":["GET"]}}],"collection":[{"href":"https:\/\/www.inovelondrina.com.br\/agencia\/wp-json\/wp\/v2\/posts"}],"about":[{"href":"https:\/\/www.inovelondrina.com.br\/agencia\/wp-json\/wp\/v2\/types\/post"}],"author":[{"embeddable":true,"href":"https:\/\/www.inovelondrina.com.br\/agencia\/wp-json\/wp\/v2\/users\/111"}],"replies":[{"embeddable":true,"href":"https:\/\/www.inovelondrina.com.br\/agencia\/wp-json\/wp\/v2\/comments?post=8565"}],"version-history":[{"count":0,"href":"https:\/\/www.inovelondrina.com.br\/agencia\/wp-json\/wp\/v2\/posts\/8565\/revisions"}],"wp:featuredmedia":[{"embeddable":true,"href":"https:\/\/www.inovelondrina.com.br\/agencia\/wp-json\/wp\/v2\/media\/7353"}],"wp:attachment":[{"href":"https:\/\/www.inovelondrina.com.br\/agencia\/wp-json\/wp\/v2\/media?parent=8565"}],"wp:term":[{"taxonomy":"category","embeddable":true,"href":"https:\/\/www.inovelondrina.com.br\/agencia\/wp-json\/wp\/v2\/categories?post=8565"},{"taxonomy":"post_tag","embeddable":true,"href":"https:\/\/www.inovelondrina.com.br\/agencia\/wp-json\/wp\/v2\/tags?post=8565"}],"curies":[{"name":"wp","href":"https:\/\/api.w.org\/{rel}","templated":true}]}}