{"id":8530,"date":"2021-06-02T11:01:47","date_gmt":"2021-06-02T14:01:47","guid":{"rendered":"https:\/\/www.inovelondrina.com.br\/agencia\/?p=8530"},"modified":"2021-06-10T11:18:40","modified_gmt":"2021-06-10T14:18:40","slug":"evangelico-elegeu-o-diretor-clinico-e-novos-diretores","status":"publish","type":"post","link":"https:\/\/www.inovelondrina.com.br\/agencia\/evangelico-elegeu-o-diretor-clinico-e-novos-diretores\/","title":{"rendered":"Evang\u00e9lico elegeu o diretor cl\u00ednico e novos diretores"},"content":{"rendered":"<p><strong>Evang\u00e9lico elegeu o diretor clinico e novos diretores<\/strong><\/p>\n<p>Veiculada em 2 de junho 2021 &#8211; Folha de Londrina<\/p>\n<p>Coluna Oswaldo Milit\u00e3o<\/p>\n<p><img loading=\"lazy\" decoding=\"async\" class=\"alignnone size-medium wp-image-8531\" src=\"https:\/\/www.inovelondrina.com.br\/agencia\/wp-content\/uploads\/2021\/06\/WhatsApp-Image-2021-06-02-at-14.02.49a-300x206.jpeg\" alt=\"\" width=\"300\" height=\"206\" srcset=\"https:\/\/www.inovelondrina.com.br\/agencia\/wp-content\/uploads\/2021\/06\/WhatsApp-Image-2021-06-02-at-14.02.49a-300x206.jpeg 300w, https:\/\/www.inovelondrina.com.br\/agencia\/wp-content\/uploads\/2021\/06\/WhatsApp-Image-2021-06-02-at-14.02.49a.jpeg 386w\" sizes=\"auto, (max-width: 300px) 100vw, 300px\" \/><\/p>\n<p><img loading=\"lazy\" decoding=\"async\" class=\"alignnone wp-image-8532\" src=\"https:\/\/www.inovelondrina.com.br\/agencia\/wp-content\/uploads\/2021\/06\/WhatsApp-Image-2021-06-02-at-14.02.49-196x300.jpeg\" alt=\"\" width=\"189\" height=\"289\" srcset=\"https:\/\/www.inovelondrina.com.br\/agencia\/wp-content\/uploads\/2021\/06\/WhatsApp-Image-2021-06-02-at-14.02.49-196x300.jpeg 196w, https:\/\/www.inovelondrina.com.br\/agencia\/wp-content\/uploads\/2021\/06\/WhatsApp-Image-2021-06-02-at-14.02.49.jpeg 668w\" sizes=\"auto, (max-width: 189px) 100vw, 189px\" \/><\/p>\n","protected":false},"excerpt":{"rendered":"<p>Evang\u00e9lico elegeu o diretor clinico e novos diretores Veiculada em 2 de junho 2021 &#8211; Folha de Londrina Coluna Oswaldo Milit\u00e3o<\/p>\n","protected":false},"author":111,"featured_media":6406,"comment_status":"closed","ping_status":"open","sticky":false,"template":"","format":"standard","meta":{"_joinchat":[],"footnotes":""},"categories":[171,1],"tags":[],"class_list":["post-8530","post","type-post","status-publish","format-standard","has-post-thumbnail","hentry","category-hospital-evangelico","category-trabalhos-inove"],"_links":{"self":[{"href":"https:\/\/www.inovelondrina.com.br\/agencia\/wp-json\/wp\/v2\/posts\/8530","targetHints":{"allow":["GET"]}}],"collection":[{"href":"https:\/\/www.inovelondrina.com.br\/agencia\/wp-json\/wp\/v2\/posts"}],"about":[{"href":"https:\/\/www.inovelondrina.com.br\/agencia\/wp-json\/wp\/v2\/types\/post"}],"author":[{"embeddable":true,"href":"https:\/\/www.inovelondrina.com.br\/agencia\/wp-json\/wp\/v2\/users\/111"}],"replies":[{"embeddable":true,"href":"https:\/\/www.inovelondrina.com.br\/agencia\/wp-json\/wp\/v2\/comments?post=8530"}],"version-history":[{"count":0,"href":"https:\/\/www.inovelondrina.com.br\/agencia\/wp-json\/wp\/v2\/posts\/8530\/revisions"}],"wp:featuredmedia":[{"embeddable":true,"href":"https:\/\/www.inovelondrina.com.br\/agencia\/wp-json\/wp\/v2\/media\/6406"}],"wp:attachment":[{"href":"https:\/\/www.inovelondrina.com.br\/agencia\/wp-json\/wp\/v2\/media?parent=8530"}],"wp:term":[{"taxonomy":"category","embeddable":true,"href":"https:\/\/www.inovelondrina.com.br\/agencia\/wp-json\/wp\/v2\/categories?post=8530"},{"taxonomy":"post_tag","embeddable":true,"href":"https:\/\/www.inovelondrina.com.br\/agencia\/wp-json\/wp\/v2\/tags?post=8530"}],"curies":[{"name":"wp","href":"https:\/\/api.w.org\/{rel}","templated":true}]}}