{"id":8509,"date":"2021-05-13T12:44:50","date_gmt":"2021-05-13T15:44:50","guid":{"rendered":"https:\/\/www.inovelondrina.com.br\/agencia\/?p=8509"},"modified":"2021-05-24T08:34:22","modified_gmt":"2021-05-24T11:34:22","slug":"profissionais-da-saude-recebem-homenagens-em-londrina","status":"publish","type":"post","link":"https:\/\/www.inovelondrina.com.br\/agencia\/profissionais-da-saude-recebem-homenagens-em-londrina\/","title":{"rendered":"Profissionais da Sa\u00fade recebem homenagens em Londrina"},"content":{"rendered":"<h2><a href=\"https:\/\/www.paranacooperativo.coop.br\/ppc\/index.php\/sistema-ocepar\/comunicacao\/2011-12-07-11-06-29\/ultimas-noticias\/134422-sicredi-uniao-prsp-profissionais-da-saude-recebem-homenagens-em-londrina\">SICREDI UNI\u00c3O PR\/SP: Profissionais da Sa\u00fade recebem homenagens em Londrina<\/a><\/h2>\n<div class=\"article-tools clearfix\">\n<dl class=\"article-info\">\n<dd class=\"create\">\u00a0Sexta, 14 Maio 2021 07:44<\/dd>\n<\/dl>\n<\/div>\n<p>Reconhecidos pela popula\u00e7\u00e3o como os profissionais dos mais importantes e admirados nos dias de hoje, os profissionais de sa\u00fade ganharam uma singela e emocionando homenagem da Sicredi Uni\u00e3o PR\/SP em refer\u00eancia ao Dia Internacional da Enfermagem, comemorado em 12 de maio.<\/p>\n<p><strong>Surpresa<\/strong>\u00a0&#8211; Em Londrina (PR), a equipe da ag\u00eancia Bandeirantes, localizada bem em frente ao Hospital Evang\u00e9lico, preparou uma surpresa para os profissionais, com entrega de flores, de cartas escritas pelos pr\u00f3prios colaboradores, m\u00fasica e palavras de reconhecimento e gratid\u00e3o.<\/p>\n<p><strong>Papel importante<\/strong>\u00a0&#8211; \u201cTalvez, nunca tenha ficado t\u00e3o claro como agora o importante papel que todos voc\u00eas desempenham dentro de um hospital. Nunca esqueceremos dessa dedica\u00e7\u00e3o e carinho com que t\u00eam enfrentado esses momentos t\u00e3o dif\u00edceis\u201d, disse a gerente geral da Regional Norte, Carla Sonoda.<\/p>\n<p><strong>Gratid\u00e3o<\/strong>\u00a0&#8211; Respons\u00e1vel por um dos setores que atendem pacientes com Covid no Hospital, a enfermeira K\u00e1tia Cineire Monhoz, retribuiu o carinho. \u201cA gratid\u00e3o das pessoas \u00e9 a melhor recompensa que podemos ter. Fazemos nosso trabalho com amor. Comemoramos cada alta de paciente e sofremos com cada morte ocorrida. Essa doen\u00e7a tamb\u00e9m mexe muito com nosso emocional. Aqui, tentamos amenizar o sofrimento e suprir o vazio da solid\u00e3o desses pacientes internados, que n\u00e3o podem sequer receber visitas\u201d, disse ela.<\/p>\n<p><strong>Luto\u00a0<\/strong>&#8211; Bastante emocionadas, S\u00f4nia Viana, coordenadora do servi\u00e7o de Capelania; e Gesilaine Martins, analista de atendimento do hospital, lembravam, durante a homenagem, da perda do cunhado e da m\u00e3e, respectivamente, para a doen\u00e7a. \u201cN\u00f3s, como profissionais que atuamos na \u00e1rea da sa\u00fade, tamb\u00e9m vivemos nosso luto enquanto cuidamos dos amores de outras pessoas que est\u00e3o aqui conosco, lutando contra essa doen\u00e7a\u201d, lembraram.<\/p>\n<p><strong>Miss\u00e3o\u00a0<\/strong>&#8211; A gerente da ag\u00eancia Bandeirantes da Sicredi Uni\u00e3o PR\/SP, Suelen Lopes, agradeceu a todos os profissionais. \u201cQue linda a miss\u00e3o que voc\u00eas est\u00e3o enfrentando com tanto amor e empatia\u201d, disse. A homenagem ficou ainda mais emocionante com a participa\u00e7\u00e3o de D\u00e9bora Saturno, integrante do Coral Vozes da Inclus\u00e3o, do Instituto Uni\u00e3o para a Vit\u00f3ria, que cantou e encantou a todos. (<em>Imprensa Sicredi Uni\u00e3o PR\/SP<\/em>)<\/p>\n<p><a href=\"https:\/\/www.paranacooperativo.coop.br\/ppc\/index.php\/sistema-ocepar\/comunicacao\/2011-12-07-11-06-29\/ultimas-noticias\/134422-sicredi-uniao-prsp-profissionais-da-saude-recebem-homenagens-em-londrina\">https:\/\/www.paranacooperativo.coop.br\/ppc\/index.php\/sistema-ocepar\/comunicacao\/2011-12-07-11-06-29\/ultimas-noticias\/134422-sicredi-uniao-prsp-profissionais-da-saude-recebem-homenagens-em-londrina<\/a><\/p>\n<p>&nbsp;<\/p>\n","protected":false},"excerpt":{"rendered":"<p>SICREDI UNI\u00c3O PR\/SP: Profissionais da Sa\u00fade recebem homenagens em Londrina \u00a0Sexta, 14 Maio 2021 07:44 Reconhecidos pela popula\u00e7\u00e3o como os profissionais dos mais importantes e admirados<span class=\"excerpt-hellip\"> [?]<\/span><\/p>\n","protected":false},"author":111,"featured_media":8501,"comment_status":"closed","ping_status":"open","sticky":false,"template":"","format":"standard","meta":{"_joinchat":[],"footnotes":""},"categories":[171],"tags":[],"class_list":["post-8509","post","type-post","status-publish","format-standard","has-post-thumbnail","hentry","category-hospital-evangelico"],"_links":{"self":[{"href":"https:\/\/www.inovelondrina.com.br\/agencia\/wp-json\/wp\/v2\/posts\/8509","targetHints":{"allow":["GET"]}}],"collection":[{"href":"https:\/\/www.inovelondrina.com.br\/agencia\/wp-json\/wp\/v2\/posts"}],"about":[{"href":"https:\/\/www.inovelondrina.com.br\/agencia\/wp-json\/wp\/v2\/types\/post"}],"author":[{"embeddable":true,"href":"https:\/\/www.inovelondrina.com.br\/agencia\/wp-json\/wp\/v2\/users\/111"}],"replies":[{"embeddable":true,"href":"https:\/\/www.inovelondrina.com.br\/agencia\/wp-json\/wp\/v2\/comments?post=8509"}],"version-history":[{"count":0,"href":"https:\/\/www.inovelondrina.com.br\/agencia\/wp-json\/wp\/v2\/posts\/8509\/revisions"}],"wp:featuredmedia":[{"embeddable":true,"href":"https:\/\/www.inovelondrina.com.br\/agencia\/wp-json\/wp\/v2\/media\/8501"}],"wp:attachment":[{"href":"https:\/\/www.inovelondrina.com.br\/agencia\/wp-json\/wp\/v2\/media?parent=8509"}],"wp:term":[{"taxonomy":"category","embeddable":true,"href":"https:\/\/www.inovelondrina.com.br\/agencia\/wp-json\/wp\/v2\/categories?post=8509"},{"taxonomy":"post_tag","embeddable":true,"href":"https:\/\/www.inovelondrina.com.br\/agencia\/wp-json\/wp\/v2\/tags?post=8509"}],"curies":[{"name":"wp","href":"https:\/\/api.w.org\/{rel}","templated":true}]}}