{"id":8499,"date":"2021-05-05T11:50:11","date_gmt":"2021-05-05T14:50:11","guid":{"rendered":"https:\/\/www.inovelondrina.com.br\/agencia\/?p=8499"},"modified":"2021-05-23T12:10:35","modified_gmt":"2021-05-23T15:10:35","slug":"como-planejar-a-maternidade-em-meio-a-vida-profissional","status":"publish","type":"post","link":"https:\/\/www.inovelondrina.com.br\/agencia\/como-planejar-a-maternidade-em-meio-a-vida-profissional\/","title":{"rendered":"Como planejar a maternidade em meio \u00e0 vida profissional"},"content":{"rendered":"<header class=\"entry-header\">\n<h4 class=\"entry-title\">Como planejar a maternidade em meio \u00e0 vida profissional<\/h4>\n<\/header>\n<div class=\"below-entry-meta\"><span class=\"posted-on\"><a title=\"9:36 am\" href=\"https:\/\/revistaampla.com.br\/como-planejar-a-maternidade-em-meio-a-vida-profissional\/\" rel=\"bookmark\"><i class=\"fa fa-calendar-o\"><\/i>\u00a0<time class=\"entry-date published\" datetime=\"2021-05-05T09:36:02-03:00\">maio 5, 2021<\/time><\/a><\/span>\u00a0<span class=\"byline\"><span class=\"author vcard\"><i class=\"fa fa-user\"><\/i><a class=\"url fn n\" title=\"Revista Ampla\" href=\"https:\/\/revistaampla.com.br\/author\/admin\/\">Revista Ampla<\/a><\/span><\/span>\u00a0<span class=\"post-views\"><i class=\"fa fa-eye\"><\/i><span class=\"total-views\">152 Views<\/span><\/span>\u00a0<span class=\"comments\"><a href=\"https:\/\/revistaampla.com.br\/como-planejar-a-maternidade-em-meio-a-vida-profissional\/#respond\"><i class=\"fa fa-comment\"><\/i>\u00a00 Comments<\/a><\/span>\u00a0<span class=\"tag-links\"><i class=\"fa fa-tags\"><\/i><a href=\"https:\/\/revistaampla.com.br\/tag\/carreira\/\" rel=\"tag\">carreira<\/a>,\u00a0<a href=\"https:\/\/revistaampla.com.br\/tag\/conversa-ampla\/\" rel=\"tag\">conversa ampla<\/a>,\u00a0<a href=\"https:\/\/revistaampla.com.br\/tag\/maternidade\/\" rel=\"tag\">maternidade<\/a>,\u00a0<a href=\"https:\/\/revistaampla.com.br\/tag\/unimed-londrina\/\" rel=\"tag\">unimed londrina<\/a>,\u00a0<a href=\"https:\/\/revistaampla.com.br\/tag\/vida-profissional\/\" rel=\"tag\">vida profissional<\/a><\/span><\/div>\n<div class=\"entry-content clearfix\">\n<div class=\"addtoany_share_save_container addtoany_content addtoany_content_top\">\n<div class=\"a2a_kit a2a_kit_size_32 addtoany_list\" data-a2a-url=\"https:\/\/revistaampla.com.br\/como-planejar-a-maternidade-em-meio-a-vida-profissional\/\" data-a2a-title=\"Como planejar a maternidade em meio \u00e0 vida profissional\"><a class=\"a2a_button_whatsapp\" title=\"WhatsApp\" href=\"https:\/\/revistaampla.com.br\/#whatsapp\" target=\"_blank\" rel=\"nofollow noopener\"><span class=\"a2a_label\">WhatsApp<\/span><\/a><a class=\"a2a_button_facebook\" title=\"Facebook\" href=\"https:\/\/revistaampla.com.br\/#facebook\" target=\"_blank\" rel=\"nofollow noopener\"><span class=\"a2a_label\">Facebook<\/span><\/a><a class=\"a2a_button_facebook_messenger\" title=\"Facebook Messenger\" href=\"https:\/\/revistaampla.com.br\/#facebook_messenger\" target=\"_blank\" rel=\"nofollow noopener\"><span class=\"a2a_label\">Messenger<\/span><\/a><a class=\"a2a_button_linkedin\" title=\"LinkedIn\" href=\"https:\/\/revistaampla.com.br\/#linkedin\" target=\"_blank\" rel=\"nofollow noopener\"><span class=\"a2a_label\">LinkedIn<\/span><\/a><a class=\"a2a_button_email\" title=\"Email\" href=\"https:\/\/revistaampla.com.br\/#email\" target=\"_blank\" rel=\"nofollow noopener\"><span class=\"a2a_label\">Email<\/span><\/a><a class=\"a2a_button_twitter\" title=\"Twitter\" href=\"https:\/\/revistaampla.com.br\/#twitter\" target=\"_blank\" rel=\"nofollow noopener\"><span class=\"a2a_label\">Twitter<\/span><\/a><a class=\"a2a_button_pinterest\" title=\"Pinterest\" href=\"https:\/\/revistaampla.com.br\/#pinterest\" target=\"_blank\" rel=\"nofollow noopener\"><span class=\"a2a_label\">Pinterest<\/span><\/a><a class=\"a2a_button_copy_link\" title=\"Copy Link\" href=\"https:\/\/revistaampla.com.br\/#copy_link\" target=\"_blank\" rel=\"nofollow noopener\"><span class=\"a2a_label\">Copy Link<\/span><\/a><a class=\"a2a_button_telegram\" title=\"Telegram\" href=\"https:\/\/revistaampla.com.br\/#telegram\" target=\"_blank\" rel=\"nofollow noopener\"><span class=\"a2a_label\">Telegram<\/span><\/a><a class=\"a2a_dd addtoany_share_save addtoany_share\" href=\"https:\/\/www.addtoany.com\/share#url=https%3A%2F%2Frevistaampla.com.br%2Fcomo-planejar-a-maternidade-em-meio-a-vida-profissional%2F&amp;title=Como%20planejar%20a%20maternidade%20em%20meio%20%C3%A0%20vida%20profissional\"><span class=\"a2a_label a2a_localize\" data-a2a-localize=\"inner,Share\">Compartilhar<\/span><\/a><\/div>\n<\/div>\n<p><em>Neste Conversa Ampla, a ginecologista e obstetra, Fl\u00e1via Albernaz, fala sobre a op\u00e7\u00e3o de viver a maternidade mais tarde em raz\u00e3o da vida profissional<\/em><\/p>\n<p>Com o objetivo de fomentar a discuss\u00e3o de temas pertinentes ao momento que vivemos, o Conversa Ampla traz, semanalmente, um bate-papo on-line com especialistas de diferentes \u00e1reas. Desde pautas que abordam o bem estar at\u00e9 an\u00e1lises sobre doen\u00e7as e a pr\u00f3pria pandemia de Covid-19, as entrevistas com profissionais qualificados visam apresentar novos pontos sobre assuntos relacionados \u2013 direta ou indiretamente \u2013 \u00e0 sa\u00fade.<\/p>\n<p>Confira a trig\u00e9sima sexta entrevista produzida:<\/p>\n<h2>Maternidade e vida profissional: como escolher o momento certo?<\/h2>\n<p>A escolha pela carreira profissional tem adiado a decis\u00e3o pela maternidade. Com a ajuda dos avan\u00e7os da medicina, muitas mulheres est\u00e3o engravidando entre 30 e 35 anos. Nesta Conversa Ampla, a ginecologista e obstetra, Fl\u00e1via Albernaz,\u00a0 fala sobre congelamento de \u00f3vulos e embri\u00f5es e tamb\u00e9m sobre como as mam\u00e3es tardias vivenciam este momento t\u00e3o bonito. Detalhe: os homens est\u00e3o mais colaborativos em todos as etapas do processo.<\/p>\n<p><iframe loading=\"lazy\" title=\"Como planejar a maternidade em meio \u00e0 vida profissional\" width=\"1220\" height=\"686\" src=\"https:\/\/www.youtube.com\/embed\/Ww680wAlPK0?feature=oembed\" frameborder=\"0\" allow=\"accelerometer; autoplay; clipboard-write; encrypted-media; gyroscope; picture-in-picture\" allowfullscreen><\/iframe><\/p>\n<blockquote class=\"wp-embedded-content\" data-secret=\"Y3nepSTQb7\"><p><a href=\"https:\/\/revistaampla.com.br\/como-planejar-a-maternidade-em-meio-a-vida-profissional\/\">Como planejar a maternidade em meio \u00e0 vida profissional<\/a><\/p><\/blockquote>\n<p><iframe loading=\"lazy\" class=\"wp-embedded-content\" sandbox=\"allow-scripts\" security=\"restricted\" style=\"position: absolute; clip: rect(1px, 1px, 1px, 1px);\" title=\"&#8220;Como planejar a maternidade em meio \u00e0 vida profissional&#8221; &#8212; AMPLA\" src=\"https:\/\/revistaampla.com.br\/como-planejar-a-maternidade-em-meio-a-vida-profissional\/embed\/#?secret=Y3nepSTQb7\" data-secret=\"Y3nepSTQb7\" width=\"600\" height=\"338\" frameborder=\"0\" marginwidth=\"0\" marginheight=\"0\" scrolling=\"no\"><\/iframe><\/p>\n<\/div>\n","protected":false},"excerpt":{"rendered":"<p>Como planejar a maternidade em meio \u00e0 vida profissional \u00a0maio 5, 2021\u00a0Revista Ampla\u00a0152 Views\u00a0\u00a00 Comments\u00a0carreira,\u00a0conversa ampla,\u00a0maternidade,\u00a0unimed londrina,\u00a0vida profissional WhatsAppFacebookMessengerLinkedInEmailTwitterPinterestCopy LinkTelegramCompartilhar Neste Conversa Ampla, a ginecologista e<span class=\"excerpt-hellip\"> [?]<\/span><\/p>\n","protected":false},"author":111,"featured_media":8501,"comment_status":"closed","ping_status":"open","sticky":false,"template":"","format":"standard","meta":{"_joinchat":[],"footnotes":""},"categories":[171],"tags":[],"class_list":["post-8499","post","type-post","status-publish","format-standard","has-post-thumbnail","hentry","category-hospital-evangelico"],"_links":{"self":[{"href":"https:\/\/www.inovelondrina.com.br\/agencia\/wp-json\/wp\/v2\/posts\/8499","targetHints":{"allow":["GET"]}}],"collection":[{"href":"https:\/\/www.inovelondrina.com.br\/agencia\/wp-json\/wp\/v2\/posts"}],"about":[{"href":"https:\/\/www.inovelondrina.com.br\/agencia\/wp-json\/wp\/v2\/types\/post"}],"author":[{"embeddable":true,"href":"https:\/\/www.inovelondrina.com.br\/agencia\/wp-json\/wp\/v2\/users\/111"}],"replies":[{"embeddable":true,"href":"https:\/\/www.inovelondrina.com.br\/agencia\/wp-json\/wp\/v2\/comments?post=8499"}],"version-history":[{"count":0,"href":"https:\/\/www.inovelondrina.com.br\/agencia\/wp-json\/wp\/v2\/posts\/8499\/revisions"}],"wp:featuredmedia":[{"embeddable":true,"href":"https:\/\/www.inovelondrina.com.br\/agencia\/wp-json\/wp\/v2\/media\/8501"}],"wp:attachment":[{"href":"https:\/\/www.inovelondrina.com.br\/agencia\/wp-json\/wp\/v2\/media?parent=8499"}],"wp:term":[{"taxonomy":"category","embeddable":true,"href":"https:\/\/www.inovelondrina.com.br\/agencia\/wp-json\/wp\/v2\/categories?post=8499"},{"taxonomy":"post_tag","embeddable":true,"href":"https:\/\/www.inovelondrina.com.br\/agencia\/wp-json\/wp\/v2\/tags?post=8499"}],"curies":[{"name":"wp","href":"https:\/\/api.w.org\/{rel}","templated":true}]}}