{"id":8412,"date":"2021-05-14T12:29:00","date_gmt":"2021-05-14T15:29:00","guid":{"rendered":"https:\/\/www.inovelondrina.com.br\/agencia\/?p=8412"},"modified":"2021-05-16T14:59:13","modified_gmt":"2021-05-16T17:59:13","slug":"474-casas-cambe-recebe-projeto-de-moradias-populares","status":"publish","type":"post","link":"https:\/\/www.inovelondrina.com.br\/agencia\/474-casas-cambe-recebe-projeto-de-moradias-populares\/","title":{"rendered":"474 casas: Camb\u00e9 recebe projeto de moradias populares"},"content":{"rendered":"<h4>474 casas: Camb\u00e9 recebe projeto de moradias populares<\/h4>\n<div class=\"bottom-title\">\n<div class=\"assinatura\">\n<p class=\"published-by\">Reda\u00e7\u00e3o Tarob\u00e1 News&nbsp; &nbsp; &nbsp; &nbsp; &nbsp; &nbsp; &nbsp; &nbsp; &nbsp; &nbsp; &nbsp; &nbsp; &nbsp; &nbsp; 14 de maio de 2021<\/p>\n<\/div>\n<div class=\"midias\"><\/div>\n<\/div>\n<div class=\"text\">\n<div class=\"image-author\"><picture><img decoding=\"async\" class=\"image-full\" src=\"https:\/\/tarobanews.2src.link\/assets\/uploads\/noticias\/md-ab4c8094-e062-4537-aa25-b3f32f68833d.jpg\" alt=\"\"><\/picture>\n<p class=\"legenda\">Senado Federal<\/p>\n<\/div>\n<div>\n<p>Cerca de 470 casas populares devem ser constru\u00eddas em Camb\u00e9. Ainda n\u00e3o foi anunciado quando as obras come\u00e7am efetivamente, mas o an\u00fancio oficial deve ser feira nesta quinta-feira (13) pelo governador Carlos Massa Ratinho Junior. Ao todo, ser\u00e3o constru\u00eddas &nbsp;474 casas dentro da nova modalidade do Casa F\u00e1cil.<\/p>\n<p>A previs\u00e3o de gasto \u00e9 de cerca de R$ 60 milh\u00f5es. O investimento \u00e9 da construtora Pacaembu, viabilizados com apoio da Cohapar e do Casa Verde e Amarela, do governo federal. O projeto j\u00e1 est\u00e1 dentro da nova pol\u00edtica habitacional que prev\u00ea o pagamento do valor de entrada para fam\u00edlias com renda de at\u00e9 tr\u00eas sal\u00e1rios m\u00ednimos nacionais.<\/p>\n<p>Outro an\u00fancio deve ser a libera\u00e7\u00e3o de recursos para pavimenta\u00e7\u00e3o de estradas rurais e duas unidades do projeto Meu Campinho.<\/p>\n<p><a href=\"https:\/\/tarobanews.com\/noticias\/cidade\/474-casas-cambe-recebe-projeto-de-moradias-populares-W8Lkr.html\">https:\/\/tarobanews.com\/noticias\/cidade\/474-casas-cambe-recebe-projeto-de-moradias-populares-W8Lkr.html<\/a><\/p>\n<\/div>\n<\/div>\n","protected":false},"excerpt":{"rendered":"<p>474 casas: Camb\u00e9 recebe projeto de moradias populares Reda\u00e7\u00e3o Tarob\u00e1 News&nbsp; &nbsp; &nbsp; &nbsp; &nbsp; &nbsp; &nbsp; &nbsp; &nbsp; &nbsp; &nbsp; &nbsp; &nbsp; &nbsp; 14 de<span class=\"excerpt-hellip\"> [?]<\/span><\/p>\n","protected":false},"author":111,"featured_media":5251,"comment_status":"closed","ping_status":"open","sticky":false,"template":"","format":"standard","meta":{"_joinchat":[],"footnotes":""},"categories":[233],"tags":[],"class_list":["post-8412","post","type-post","status-publish","format-standard","has-post-thumbnail","hentry","category-pacaembu-construtora"],"_links":{"self":[{"href":"https:\/\/www.inovelondrina.com.br\/agencia\/wp-json\/wp\/v2\/posts\/8412","targetHints":{"allow":["GET"]}}],"collection":[{"href":"https:\/\/www.inovelondrina.com.br\/agencia\/wp-json\/wp\/v2\/posts"}],"about":[{"href":"https:\/\/www.inovelondrina.com.br\/agencia\/wp-json\/wp\/v2\/types\/post"}],"author":[{"embeddable":true,"href":"https:\/\/www.inovelondrina.com.br\/agencia\/wp-json\/wp\/v2\/users\/111"}],"replies":[{"embeddable":true,"href":"https:\/\/www.inovelondrina.com.br\/agencia\/wp-json\/wp\/v2\/comments?post=8412"}],"version-history":[{"count":0,"href":"https:\/\/www.inovelondrina.com.br\/agencia\/wp-json\/wp\/v2\/posts\/8412\/revisions"}],"wp:featuredmedia":[{"embeddable":true,"href":"https:\/\/www.inovelondrina.com.br\/agencia\/wp-json\/wp\/v2\/media\/5251"}],"wp:attachment":[{"href":"https:\/\/www.inovelondrina.com.br\/agencia\/wp-json\/wp\/v2\/media?parent=8412"}],"wp:term":[{"taxonomy":"category","embeddable":true,"href":"https:\/\/www.inovelondrina.com.br\/agencia\/wp-json\/wp\/v2\/categories?post=8412"},{"taxonomy":"post_tag","embeddable":true,"href":"https:\/\/www.inovelondrina.com.br\/agencia\/wp-json\/wp\/v2\/tags?post=8412"}],"curies":[{"name":"wp","href":"https:\/\/api.w.org\/{rel}","templated":true}]}}