{"id":8394,"date":"2021-05-13T07:52:54","date_gmt":"2021-05-13T10:52:54","guid":{"rendered":"https:\/\/www.inovelondrina.com.br\/agencia\/?p=8394"},"modified":"2021-05-13T07:57:50","modified_gmt":"2021-05-13T10:57:50","slug":"enfermagem-amor-coragem-e-dedicacao-2","status":"publish","type":"post","link":"https:\/\/www.inovelondrina.com.br\/agencia\/enfermagem-amor-coragem-e-dedicacao-2\/","title":{"rendered":"Enfermagem: amor, coragem e dedica\u00e7\u00e3o"},"content":{"rendered":"<h5 class=\"title\">Enfermagem: amor, coragem e dedica\u00e7\u00e3o<\/h5>\n<p>Nesta quarta-feira \u00e9 celebrado o Dia Internacional da Enfermagem; reportagem conversou com tr\u00eas profissionais de Londrina<\/p>\n<p><img loading=\"lazy\" decoding=\"async\" class=\"alignnone size-medium wp-image-8384\" src=\"https:\/\/www.inovelondrina.com.br\/agencia\/wp-content\/uploads\/2021\/05\/Folha_de_Londrina2021-05-12_page8_page-0001-196x300.jpg\" alt=\"\" width=\"196\" height=\"300\" srcset=\"https:\/\/www.inovelondrina.com.br\/agencia\/wp-content\/uploads\/2021\/05\/Folha_de_Londrina2021-05-12_page8_page-0001-196x300.jpg 196w, https:\/\/www.inovelondrina.com.br\/agencia\/wp-content\/uploads\/2021\/05\/Folha_de_Londrina2021-05-12_page8_page-0001.jpg 670w\" sizes=\"auto, (max-width: 196px) 100vw, 196px\" \/>\u00a0 <img loading=\"lazy\" decoding=\"async\" class=\"alignnone size-medium wp-image-8383\" src=\"https:\/\/www.inovelondrina.com.br\/agencia\/wp-content\/uploads\/2021\/05\/Folha_de_Londrina2021-05-12_page9_page-0001-1-196x300.jpg\" alt=\"\" width=\"196\" height=\"300\" srcset=\"https:\/\/www.inovelondrina.com.br\/agencia\/wp-content\/uploads\/2021\/05\/Folha_de_Londrina2021-05-12_page9_page-0001-1-196x300.jpg 196w, https:\/\/www.inovelondrina.com.br\/agencia\/wp-content\/uploads\/2021\/05\/Folha_de_Londrina2021-05-12_page9_page-0001-1.jpg 670w\" sizes=\"auto, (max-width: 196px) 100vw, 196px\" \/><\/p>\n<p><a href=\"https:\/\/www.inovelondrina.com.br\/agencia\/wp-content\/uploads\/2021\/05\/Folha_de_Londrina2021-05-12_page8.pdf\">Folha_de_Londrina(2021-05-12)_page8<\/a><\/p>\n<p><a href=\"https:\/\/www.inovelondrina.com.br\/agencia\/wp-content\/uploads\/2021\/05\/Folha_de_Londrina2021-05-12_page9-1.pdf\">Folha_de_Londrina(2021-05-12)_page9<\/a><\/p>\n<p>&nbsp;<\/p>\n<p>&nbsp;<\/p>\n","protected":false},"excerpt":{"rendered":"<p>Enfermagem: amor, coragem e dedica\u00e7\u00e3o Nesta quarta-feira \u00e9 celebrado o Dia Internacional da Enfermagem; reportagem conversou com tr\u00eas profissionais de Londrina \u00a0 Folha_de_Londrina(2021-05-12)_page8 Folha_de_Londrina(2021-05-12)_page9 &nbsp; &nbsp;<\/p>\n","protected":false},"author":111,"featured_media":7358,"comment_status":"closed","ping_status":"open","sticky":false,"template":"","format":"standard","meta":{"_joinchat":[],"footnotes":""},"categories":[171],"tags":[],"class_list":["post-8394","post","type-post","status-publish","format-standard","has-post-thumbnail","hentry","category-hospital-evangelico"],"_links":{"self":[{"href":"https:\/\/www.inovelondrina.com.br\/agencia\/wp-json\/wp\/v2\/posts\/8394","targetHints":{"allow":["GET"]}}],"collection":[{"href":"https:\/\/www.inovelondrina.com.br\/agencia\/wp-json\/wp\/v2\/posts"}],"about":[{"href":"https:\/\/www.inovelondrina.com.br\/agencia\/wp-json\/wp\/v2\/types\/post"}],"author":[{"embeddable":true,"href":"https:\/\/www.inovelondrina.com.br\/agencia\/wp-json\/wp\/v2\/users\/111"}],"replies":[{"embeddable":true,"href":"https:\/\/www.inovelondrina.com.br\/agencia\/wp-json\/wp\/v2\/comments?post=8394"}],"version-history":[{"count":0,"href":"https:\/\/www.inovelondrina.com.br\/agencia\/wp-json\/wp\/v2\/posts\/8394\/revisions"}],"wp:featuredmedia":[{"embeddable":true,"href":"https:\/\/www.inovelondrina.com.br\/agencia\/wp-json\/wp\/v2\/media\/7358"}],"wp:attachment":[{"href":"https:\/\/www.inovelondrina.com.br\/agencia\/wp-json\/wp\/v2\/media?parent=8394"}],"wp:term":[{"taxonomy":"category","embeddable":true,"href":"https:\/\/www.inovelondrina.com.br\/agencia\/wp-json\/wp\/v2\/categories?post=8394"},{"taxonomy":"post_tag","embeddable":true,"href":"https:\/\/www.inovelondrina.com.br\/agencia\/wp-json\/wp\/v2\/tags?post=8394"}],"curies":[{"name":"wp","href":"https:\/\/api.w.org\/{rel}","templated":true}]}}