{"id":8138,"date":"2021-03-25T17:59:51","date_gmt":"2021-03-25T20:59:51","guid":{"rendered":"https:\/\/www.inovelondrina.com.br\/agencia\/?p=8138"},"modified":"2021-03-25T17:59:51","modified_gmt":"2021-03-25T20:59:51","slug":"historia-dos-80-anos-da-fiacao-de-seda-bratac","status":"publish","type":"post","link":"https:\/\/www.inovelondrina.com.br\/agencia\/historia-dos-80-anos-da-fiacao-de-seda-bratac\/","title":{"rendered":"Hist\u00f3ria dos 80 anos da Fia\u00e7\u00e3o de Seda Bratac"},"content":{"rendered":"<p>V\u00eddeo produzido pela Inove para a comemora\u00e7\u00e3o dos 80 anos de funda\u00e7\u00e3o da Fia\u00e7\u00e3o de Seda Bratac<\/p>\n<p><iframe loading=\"lazy\" title=\"Bratac 80 Anos\" width=\"1220\" height=\"686\" src=\"https:\/\/www.youtube.com\/embed\/hQym-TctE_U?feature=oembed\" frameborder=\"0\" allow=\"accelerometer; autoplay; clipboard-write; encrypted-media; gyroscope; picture-in-picture\" allowfullscreen><\/iframe><\/p>\n","protected":false},"excerpt":{"rendered":"<p>V\u00eddeo produzido pela Inove para a comemora\u00e7\u00e3o dos 80 anos de funda\u00e7\u00e3o da Fia\u00e7\u00e3o de Seda Bratac<\/p>\n","protected":false},"author":111,"featured_media":6614,"comment_status":"closed","ping_status":"open","sticky":false,"template":"","format":"standard","meta":{"_joinchat":[],"footnotes":""},"categories":[224],"tags":[],"class_list":["post-8138","post","type-post","status-publish","format-standard","has-post-thumbnail","hentry","category-fiacao-de-seda-bratac"],"_links":{"self":[{"href":"https:\/\/www.inovelondrina.com.br\/agencia\/wp-json\/wp\/v2\/posts\/8138","targetHints":{"allow":["GET"]}}],"collection":[{"href":"https:\/\/www.inovelondrina.com.br\/agencia\/wp-json\/wp\/v2\/posts"}],"about":[{"href":"https:\/\/www.inovelondrina.com.br\/agencia\/wp-json\/wp\/v2\/types\/post"}],"author":[{"embeddable":true,"href":"https:\/\/www.inovelondrina.com.br\/agencia\/wp-json\/wp\/v2\/users\/111"}],"replies":[{"embeddable":true,"href":"https:\/\/www.inovelondrina.com.br\/agencia\/wp-json\/wp\/v2\/comments?post=8138"}],"version-history":[{"count":0,"href":"https:\/\/www.inovelondrina.com.br\/agencia\/wp-json\/wp\/v2\/posts\/8138\/revisions"}],"wp:featuredmedia":[{"embeddable":true,"href":"https:\/\/www.inovelondrina.com.br\/agencia\/wp-json\/wp\/v2\/media\/6614"}],"wp:attachment":[{"href":"https:\/\/www.inovelondrina.com.br\/agencia\/wp-json\/wp\/v2\/media?parent=8138"}],"wp:term":[{"taxonomy":"category","embeddable":true,"href":"https:\/\/www.inovelondrina.com.br\/agencia\/wp-json\/wp\/v2\/categories?post=8138"},{"taxonomy":"post_tag","embeddable":true,"href":"https:\/\/www.inovelondrina.com.br\/agencia\/wp-json\/wp\/v2\/tags?post=8138"}],"curies":[{"name":"wp","href":"https:\/\/api.w.org\/{rel}","templated":true}]}}