{"id":8132,"date":"2021-03-18T10:31:11","date_gmt":"2021-03-18T13:31:11","guid":{"rendered":"https:\/\/www.inovelondrina.com.br\/agencia\/?p=8132"},"modified":"2021-03-22T10:32:20","modified_gmt":"2021-03-22T13:32:20","slug":"emocao-no-reencontro-do-sr-sebastiao-com-a-filha","status":"publish","type":"post","link":"https:\/\/www.inovelondrina.com.br\/agencia\/emocao-no-reencontro-do-sr-sebastiao-com-a-filha\/","title":{"rendered":"Emo\u00e7\u00e3o no reencontro do Sr. Sebasti\u00e3o com a filha"},"content":{"rendered":"<p><iframe loading=\"lazy\" title=\"Emo\u00e7\u00e3o no reencontro do Seu Sebasti\u00e3o com a filha - Tribuna da Massa (18\/03\/2021)\" width=\"1220\" height=\"686\" src=\"https:\/\/www.youtube.com\/embed\/1eFao3-LypQ?feature=oembed\" frameborder=\"0\" allow=\"accelerometer; autoplay; clipboard-write; encrypted-media; gyroscope; picture-in-picture\" allowfullscreen><\/iframe><\/p>\n","protected":false},"excerpt":{"rendered":"https:\/\/youtu.be\/1eFao3-LypQ","protected":false},"author":111,"featured_media":5332,"comment_status":"closed","ping_status":"open","sticky":false,"template":"","format":"standard","meta":{"_joinchat":[],"footnotes":""},"categories":[171],"tags":[],"class_list":["post-8132","post","type-post","status-publish","format-standard","has-post-thumbnail","hentry","category-hospital-evangelico"],"_links":{"self":[{"href":"https:\/\/www.inovelondrina.com.br\/agencia\/wp-json\/wp\/v2\/posts\/8132","targetHints":{"allow":["GET"]}}],"collection":[{"href":"https:\/\/www.inovelondrina.com.br\/agencia\/wp-json\/wp\/v2\/posts"}],"about":[{"href":"https:\/\/www.inovelondrina.com.br\/agencia\/wp-json\/wp\/v2\/types\/post"}],"author":[{"embeddable":true,"href":"https:\/\/www.inovelondrina.com.br\/agencia\/wp-json\/wp\/v2\/users\/111"}],"replies":[{"embeddable":true,"href":"https:\/\/www.inovelondrina.com.br\/agencia\/wp-json\/wp\/v2\/comments?post=8132"}],"version-history":[{"count":0,"href":"https:\/\/www.inovelondrina.com.br\/agencia\/wp-json\/wp\/v2\/posts\/8132\/revisions"}],"wp:featuredmedia":[{"embeddable":true,"href":"https:\/\/www.inovelondrina.com.br\/agencia\/wp-json\/wp\/v2\/media\/5332"}],"wp:attachment":[{"href":"https:\/\/www.inovelondrina.com.br\/agencia\/wp-json\/wp\/v2\/media?parent=8132"}],"wp:term":[{"taxonomy":"category","embeddable":true,"href":"https:\/\/www.inovelondrina.com.br\/agencia\/wp-json\/wp\/v2\/categories?post=8132"},{"taxonomy":"post_tag","embeddable":true,"href":"https:\/\/www.inovelondrina.com.br\/agencia\/wp-json\/wp\/v2\/tags?post=8132"}],"curies":[{"name":"wp","href":"https:\/\/api.w.org\/{rel}","templated":true}]}}