{"id":8130,"date":"2021-03-12T10:28:51","date_gmt":"2021-03-12T13:28:51","guid":{"rendered":"https:\/\/www.inovelondrina.com.br\/agencia\/?p=8130"},"modified":"2021-03-22T10:30:49","modified_gmt":"2021-03-22T13:30:49","slug":"hospital-evangelico-recebe-doacoes-para-pedreiro-que-caiu-de-andaime","status":"publish","type":"post","link":"https:\/\/www.inovelondrina.com.br\/agencia\/hospital-evangelico-recebe-doacoes-para-pedreiro-que-caiu-de-andaime\/","title":{"rendered":"Hospital Evang\u00e9lico recebe doa\u00e7\u00f5es para pedreiro que caiu de andaime"},"content":{"rendered":"<p>O <a href=\"https:\/\/www.bonde.com.br\/saude\/noticias\/profissionais-da-santa-casa-e-evangelico-de-londrina-serao-vacinados-contra-a-covid-19-531474.html\" target=\"_blank\" rel=\"noopener\">Hospital Evang\u00e9lico de Londrina<\/a>\u00a0pede doa\u00e7\u00f5es para auxiliar a fam\u00edlia de um pedreiro que passou por atendimento ap\u00f3s cair de um andaime. O objetivo \u00e9 angariar recursos para que a fam\u00edlia consiga continuar o tratamento em casa.<\/p>\n<p>As doa\u00e7\u00f5es podem ser feitas diretamente para a Assist\u00eancia Social do hospital pelo telefone: (43) 3378-1000.<br \/>\nSebasti\u00e3o Graciano Correia, de 55 anos, trabalhava como servente de pedreiro sem registro, em <a href=\"https:\/\/www.bonde.com.br\/tags\/londrina\/\" target=\"_blank\" rel=\"noopener noreferrer\">Londrina<\/a>, quando caiu de um andaime a tr\u00eas metros de altura e ficou com s\u00e9rias sequelas, ap\u00f3s um afundamento craniano. O homem morava sozinho na cidade, enquanto sua fam\u00edlia reside em Santa Catarina.<\/p>\n<p><center><ins class=\"adsbygoogle\" data-ad-client=\"ca-pub-9394317349867311\" data-ad-slot=\"6555330170\"><\/ins><\/center>O Hospital Evang\u00e9lico de <a href=\"https:\/\/www.bonde.com.br\/tags\/londrina\/\" target=\"_blank\" rel=\"noopener noreferrer\">Londrina<\/a>, que atendeu Sebasti\u00e3o, ficou preocupado com os recursos financeiros demandados em rela\u00e7\u00e3o a condi\u00e7\u00e3o financeira da fam\u00edlia. O hospital vai ajudar no transporte da filha e genro para\u00a0<a href=\"https:\/\/www.bonde.com.br\/tags\/londrina\/\" target=\"_blank\" rel=\"noopener noreferrer\">Londrina<\/a>\u00a0na pr\u00f3xima ter\u00e7a-feira (23) para buscar o paciente. Entretanto, Sebatis\u00e3o vai precisar de outros produtos e equipamentos b\u00e1sicos que eles n\u00e3o t\u00eam condi\u00e7\u00f5es de comprar, como fraldas geri\u00e1tricas, cadeira de rodas e cadeira de banho. Diante do cen\u00e1rio, o hospital pede doa\u00e7\u00f5es da comunidade para amenizar a situa\u00e7\u00e3o do pedreiro.<\/p>\n","protected":false},"excerpt":{"rendered":"<p>O Hospital Evang\u00e9lico de Londrina\u00a0pede doa\u00e7\u00f5es para auxiliar a fam\u00edlia de um pedreiro que passou por atendimento ap\u00f3s cair de um andaime. O objetivo \u00e9 angariar<span class=\"excerpt-hellip\"> [?]<\/span><\/p>\n","protected":false},"author":111,"featured_media":4451,"comment_status":"closed","ping_status":"open","sticky":false,"template":"","format":"standard","meta":{"_joinchat":[],"footnotes":""},"categories":[171],"tags":[],"class_list":["post-8130","post","type-post","status-publish","format-standard","has-post-thumbnail","hentry","category-hospital-evangelico"],"_links":{"self":[{"href":"https:\/\/www.inovelondrina.com.br\/agencia\/wp-json\/wp\/v2\/posts\/8130","targetHints":{"allow":["GET"]}}],"collection":[{"href":"https:\/\/www.inovelondrina.com.br\/agencia\/wp-json\/wp\/v2\/posts"}],"about":[{"href":"https:\/\/www.inovelondrina.com.br\/agencia\/wp-json\/wp\/v2\/types\/post"}],"author":[{"embeddable":true,"href":"https:\/\/www.inovelondrina.com.br\/agencia\/wp-json\/wp\/v2\/users\/111"}],"replies":[{"embeddable":true,"href":"https:\/\/www.inovelondrina.com.br\/agencia\/wp-json\/wp\/v2\/comments?post=8130"}],"version-history":[{"count":0,"href":"https:\/\/www.inovelondrina.com.br\/agencia\/wp-json\/wp\/v2\/posts\/8130\/revisions"}],"wp:featuredmedia":[{"embeddable":true,"href":"https:\/\/www.inovelondrina.com.br\/agencia\/wp-json\/wp\/v2\/media\/4451"}],"wp:attachment":[{"href":"https:\/\/www.inovelondrina.com.br\/agencia\/wp-json\/wp\/v2\/media?parent=8130"}],"wp:term":[{"taxonomy":"category","embeddable":true,"href":"https:\/\/www.inovelondrina.com.br\/agencia\/wp-json\/wp\/v2\/categories?post=8130"},{"taxonomy":"post_tag","embeddable":true,"href":"https:\/\/www.inovelondrina.com.br\/agencia\/wp-json\/wp\/v2\/tags?post=8130"}],"curies":[{"name":"wp","href":"https:\/\/api.w.org\/{rel}","templated":true}]}}