{"id":8036,"date":"2021-02-01T17:49:11","date_gmt":"2021-02-01T20:49:11","guid":{"rendered":"https:\/\/www.inovelondrina.com.br\/agencia\/?p=8036"},"modified":"2021-02-24T17:52:02","modified_gmt":"2021-02-24T20:52:02","slug":"com-leitos-de-uti-para-covid-100-ocupados-honpar-emite-alerta","status":"publish","type":"post","link":"https:\/\/www.inovelondrina.com.br\/agencia\/com-leitos-de-uti-para-covid-100-ocupados-honpar-emite-alerta\/","title":{"rendered":"Com leitos de UTI para covid 100% ocupados, Honpar emite alerta"},"content":{"rendered":"<p>O Honpar (Hospital\u00a0<a href=\"https:\/\/www.bonde.com.br\/saude\/noticias\/londrina-registra-mais-seis-mortes-e-217-novos-casos-de-covid-531691.html\" target=\"_blank\" rel=\"noopener\">Norte<\/a>\u00a0Paranaense), de Arapongas (Regi\u00e3o Metropolitana de Londrina), atingiu 100% da capacidade de atendimento nos seus leitos de UTI exclusivos para tratamento da Covid-19. O hospital conta com 40 leitos desta modalidade e apenas oito est\u00e3o ocupados por pacientes que moram na \u00e1rea de abrang\u00eancia da 16\u00aa DRS (Diretoria Regional de Sa\u00fade), com sede em Apucarana, e \u00e0 qual Arapongas \u00e9 subordinada.<\/p>\n<p>Na enfermaria, que tamb\u00e9m possui 40 leitos, 24 est\u00e3o ocupados, atingindo, assim, 60% da capacidade de atendimento.<br \/>\nDo total de pacientes internados na UTI exclusiva para a Covid-19, 80% s\u00e3o pacientes encaminhados por outras regionais de sa\u00fade, como a 17\u00aa DRS (<a href=\"https:\/\/www.bonde.com.br\/tags\/londrina\/\" target=\"_blank\" rel=\"noopener noreferrer\">Londrina<\/a>), a 18\u00aa DRS (Corn\u00e9lio Proc\u00f3pio) e a 19\u00aa DRS (Jacarezinho).<br \/>\nA idade dos pacientes internados na Ala Verde do hospital varia entre 50 e 69 anos.<\/p>\n<p>O Honpar j\u00e1 solicitou para a Sesa (Secretaria Estadual de Sa\u00fade) a abertura de mais dez leitos de UTI para que seja poss\u00edvel atender mais pacientes.<br \/>\nO hospital pede \u00e0 popula\u00e7\u00e3o para que mantenha os cuidados b\u00e1sicos, como a higieniza\u00e7\u00e3o das m\u00e3os, uso da m\u00e1scara e, principalmente, cumprindo o distanciamento social, que \u00e9 de extrema import\u00e2ncia para a n\u00e3o prolifera\u00e7\u00e3o do v\u00edrus.<\/p>\n<p><center><\/center><\/p>\n","protected":false},"excerpt":{"rendered":"<p>O Honpar (Hospital\u00a0Norte\u00a0Paranaense), de Arapongas (Regi\u00e3o Metropolitana de Londrina), atingiu 100% da capacidade de atendimento nos seus leitos de UTI exclusivos para tratamento da Covid-19. O<span class=\"excerpt-hellip\"> [?]<\/span><\/p>\n","protected":false},"author":111,"featured_media":4451,"comment_status":"closed","ping_status":"open","sticky":false,"template":"","format":"standard","meta":{"_joinchat":[],"footnotes":""},"categories":[230],"tags":[],"class_list":["post-8036","post","type-post","status-publish","format-standard","has-post-thumbnail","hentry","category-honpar-hospital-norte-paranaense"],"_links":{"self":[{"href":"https:\/\/www.inovelondrina.com.br\/agencia\/wp-json\/wp\/v2\/posts\/8036","targetHints":{"allow":["GET"]}}],"collection":[{"href":"https:\/\/www.inovelondrina.com.br\/agencia\/wp-json\/wp\/v2\/posts"}],"about":[{"href":"https:\/\/www.inovelondrina.com.br\/agencia\/wp-json\/wp\/v2\/types\/post"}],"author":[{"embeddable":true,"href":"https:\/\/www.inovelondrina.com.br\/agencia\/wp-json\/wp\/v2\/users\/111"}],"replies":[{"embeddable":true,"href":"https:\/\/www.inovelondrina.com.br\/agencia\/wp-json\/wp\/v2\/comments?post=8036"}],"version-history":[{"count":0,"href":"https:\/\/www.inovelondrina.com.br\/agencia\/wp-json\/wp\/v2\/posts\/8036\/revisions"}],"wp:featuredmedia":[{"embeddable":true,"href":"https:\/\/www.inovelondrina.com.br\/agencia\/wp-json\/wp\/v2\/media\/4451"}],"wp:attachment":[{"href":"https:\/\/www.inovelondrina.com.br\/agencia\/wp-json\/wp\/v2\/media?parent=8036"}],"wp:term":[{"taxonomy":"category","embeddable":true,"href":"https:\/\/www.inovelondrina.com.br\/agencia\/wp-json\/wp\/v2\/categories?post=8036"},{"taxonomy":"post_tag","embeddable":true,"href":"https:\/\/www.inovelondrina.com.br\/agencia\/wp-json\/wp\/v2\/tags?post=8036"}],"curies":[{"name":"wp","href":"https:\/\/api.w.org\/{rel}","templated":true}]}}