{"id":8017,"date":"2021-01-22T16:37:57","date_gmt":"2021-01-22T19:37:57","guid":{"rendered":"https:\/\/www.inovelondrina.com.br\/agencia\/?p=8017"},"modified":"2021-02-24T16:39:56","modified_gmt":"2021-02-24T19:39:56","slug":"funcionarios-do-hospital-evangelico-comecaram-a-receber-a-vacina-contra-a-covid-19","status":"publish","type":"post","link":"https:\/\/www.inovelondrina.com.br\/agencia\/funcionarios-do-hospital-evangelico-comecaram-a-receber-a-vacina-contra-a-covid-19\/","title":{"rendered":"Funcion\u00e1rios do Hospital Evang\u00e9lico come\u00e7aram a receber a vacina contra a COVID-19"},"content":{"rendered":"<p>CONFIRA PELO LINK: https:\/\/globoplay.globo.com\/v\/9201553\/<\/p>\n","protected":false},"excerpt":{"rendered":"<p>CONFIRA PELO LINK: https:\/\/globoplay.globo.com\/v\/9201553\/<\/p>\n","protected":false},"author":111,"featured_media":8018,"comment_status":"closed","ping_status":"open","sticky":false,"template":"","format":"standard","meta":{"_joinchat":[],"footnotes":""},"categories":[171],"tags":[],"class_list":["post-8017","post","type-post","status-publish","format-standard","has-post-thumbnail","hentry","category-hospital-evangelico"],"_links":{"self":[{"href":"https:\/\/www.inovelondrina.com.br\/agencia\/wp-json\/wp\/v2\/posts\/8017","targetHints":{"allow":["GET"]}}],"collection":[{"href":"https:\/\/www.inovelondrina.com.br\/agencia\/wp-json\/wp\/v2\/posts"}],"about":[{"href":"https:\/\/www.inovelondrina.com.br\/agencia\/wp-json\/wp\/v2\/types\/post"}],"author":[{"embeddable":true,"href":"https:\/\/www.inovelondrina.com.br\/agencia\/wp-json\/wp\/v2\/users\/111"}],"replies":[{"embeddable":true,"href":"https:\/\/www.inovelondrina.com.br\/agencia\/wp-json\/wp\/v2\/comments?post=8017"}],"version-history":[{"count":0,"href":"https:\/\/www.inovelondrina.com.br\/agencia\/wp-json\/wp\/v2\/posts\/8017\/revisions"}],"wp:featuredmedia":[{"embeddable":true,"href":"https:\/\/www.inovelondrina.com.br\/agencia\/wp-json\/wp\/v2\/media\/8018"}],"wp:attachment":[{"href":"https:\/\/www.inovelondrina.com.br\/agencia\/wp-json\/wp\/v2\/media?parent=8017"}],"wp:term":[{"taxonomy":"category","embeddable":true,"href":"https:\/\/www.inovelondrina.com.br\/agencia\/wp-json\/wp\/v2\/categories?post=8017"},{"taxonomy":"post_tag","embeddable":true,"href":"https:\/\/www.inovelondrina.com.br\/agencia\/wp-json\/wp\/v2\/tags?post=8017"}],"curies":[{"name":"wp","href":"https:\/\/api.w.org\/{rel}","templated":true}]}}