{"id":8015,"date":"2021-01-29T16:29:28","date_gmt":"2021-01-29T19:29:28","guid":{"rendered":"https:\/\/www.inovelondrina.com.br\/agencia\/?p=8015"},"modified":"2021-02-24T16:30:55","modified_gmt":"2021-02-24T19:30:55","slug":"terceiro-lote-vai-imunizar-profissionais-de-saude-do-hospital-evangelico-de-londrina","status":"publish","type":"post","link":"https:\/\/www.inovelondrina.com.br\/agencia\/terceiro-lote-vai-imunizar-profissionais-de-saude-do-hospital-evangelico-de-londrina\/","title":{"rendered":"Terceiro lote vai imunizar profissionais de sa\u00fade do Hospital Evang\u00e9lico de Londrina"},"content":{"rendered":"<p>Chega em Londrina a terceira remessa de vacinas contra a Covid-19. Avi\u00e3o pousou no aeroporto Governador Jos\u00e9 Richa, no in\u00edcio da tarde desta sexta-feira (29), com lote de 3.300 doses de Coronavac.\u00a0Para todo o Estado do Paran\u00e1 foram enviadas 19.600 doses, neste terceiro lote.<\/p>\n<p>Lembrando que essas doses ser\u00e3o distribu\u00eddas para todos os munic\u00edpios da 17\u00aa Regional de Sa\u00fade do Paran\u00e1, entre eles Londrina &#8211; que vacinar\u00e1 os profissionais da linha de frente da sa\u00fade da Santa Casa, Hospital Evang\u00e9lico e Hospital Universit\u00e1rio.<\/p>\n<p>&nbsp;<\/p>\n","protected":false},"excerpt":{"rendered":"<p>Chega em Londrina a terceira remessa de vacinas contra a Covid-19. Avi\u00e3o pousou no aeroporto Governador Jos\u00e9 Richa, no in\u00edcio da tarde desta sexta-feira (29), com<span class=\"excerpt-hellip\"> [?]<\/span><\/p>\n","protected":false},"author":111,"featured_media":6228,"comment_status":"closed","ping_status":"open","sticky":false,"template":"","format":"standard","meta":{"_joinchat":[],"footnotes":""},"categories":[171],"tags":[],"class_list":["post-8015","post","type-post","status-publish","format-standard","has-post-thumbnail","hentry","category-hospital-evangelico"],"_links":{"self":[{"href":"https:\/\/www.inovelondrina.com.br\/agencia\/wp-json\/wp\/v2\/posts\/8015","targetHints":{"allow":["GET"]}}],"collection":[{"href":"https:\/\/www.inovelondrina.com.br\/agencia\/wp-json\/wp\/v2\/posts"}],"about":[{"href":"https:\/\/www.inovelondrina.com.br\/agencia\/wp-json\/wp\/v2\/types\/post"}],"author":[{"embeddable":true,"href":"https:\/\/www.inovelondrina.com.br\/agencia\/wp-json\/wp\/v2\/users\/111"}],"replies":[{"embeddable":true,"href":"https:\/\/www.inovelondrina.com.br\/agencia\/wp-json\/wp\/v2\/comments?post=8015"}],"version-history":[{"count":0,"href":"https:\/\/www.inovelondrina.com.br\/agencia\/wp-json\/wp\/v2\/posts\/8015\/revisions"}],"wp:featuredmedia":[{"embeddable":true,"href":"https:\/\/www.inovelondrina.com.br\/agencia\/wp-json\/wp\/v2\/media\/6228"}],"wp:attachment":[{"href":"https:\/\/www.inovelondrina.com.br\/agencia\/wp-json\/wp\/v2\/media?parent=8015"}],"wp:term":[{"taxonomy":"category","embeddable":true,"href":"https:\/\/www.inovelondrina.com.br\/agencia\/wp-json\/wp\/v2\/categories?post=8015"},{"taxonomy":"post_tag","embeddable":true,"href":"https:\/\/www.inovelondrina.com.br\/agencia\/wp-json\/wp\/v2\/tags?post=8015"}],"curies":[{"name":"wp","href":"https:\/\/api.w.org\/{rel}","templated":true}]}}