{"id":7968,"date":"2021-01-24T13:05:24","date_gmt":"2021-01-24T16:05:24","guid":{"rendered":"https:\/\/www.inovelondrina.com.br\/agencia\/?p=7968"},"modified":"2021-01-25T13:06:52","modified_gmt":"2021-01-25T16:06:52","slug":"seda-paranaense-e-exportada-para-mercado-europeu-de-luxo","status":"publish","type":"post","link":"https:\/\/www.inovelondrina.com.br\/agencia\/seda-paranaense-e-exportada-para-mercado-europeu-de-luxo\/","title":{"rendered":"Seda paranaense \u00e9 exportada para mercado europeu de luxo"},"content":{"rendered":"<p>Confira mat\u00e9ria na \u00edntegra: https:\/\/g1.globo.com\/pr\/parana\/caminhos-do-campo\/noticia\/2021\/01\/24\/seda-paranaense-e-exportada-para-mercado-europeu-de-luxo.ghtml<\/p>\n","protected":false},"excerpt":{"rendered":"<p>Confira mat\u00e9ria na \u00edntegra: https:\/\/g1.globo.com\/pr\/parana\/caminhos-do-campo\/noticia\/2021\/01\/24\/seda-paranaense-e-exportada-para-mercado-europeu-de-luxo.ghtml<\/p>\n","protected":false},"author":111,"featured_media":4321,"comment_status":"closed","ping_status":"open","sticky":false,"template":"","format":"standard","meta":{"_joinchat":[],"footnotes":""},"categories":[224],"tags":[],"class_list":["post-7968","post","type-post","status-publish","format-standard","has-post-thumbnail","hentry","category-fiacao-de-seda-bratac"],"_links":{"self":[{"href":"https:\/\/www.inovelondrina.com.br\/agencia\/wp-json\/wp\/v2\/posts\/7968","targetHints":{"allow":["GET"]}}],"collection":[{"href":"https:\/\/www.inovelondrina.com.br\/agencia\/wp-json\/wp\/v2\/posts"}],"about":[{"href":"https:\/\/www.inovelondrina.com.br\/agencia\/wp-json\/wp\/v2\/types\/post"}],"author":[{"embeddable":true,"href":"https:\/\/www.inovelondrina.com.br\/agencia\/wp-json\/wp\/v2\/users\/111"}],"replies":[{"embeddable":true,"href":"https:\/\/www.inovelondrina.com.br\/agencia\/wp-json\/wp\/v2\/comments?post=7968"}],"version-history":[{"count":0,"href":"https:\/\/www.inovelondrina.com.br\/agencia\/wp-json\/wp\/v2\/posts\/7968\/revisions"}],"wp:featuredmedia":[{"embeddable":true,"href":"https:\/\/www.inovelondrina.com.br\/agencia\/wp-json\/wp\/v2\/media\/4321"}],"wp:attachment":[{"href":"https:\/\/www.inovelondrina.com.br\/agencia\/wp-json\/wp\/v2\/media?parent=7968"}],"wp:term":[{"taxonomy":"category","embeddable":true,"href":"https:\/\/www.inovelondrina.com.br\/agencia\/wp-json\/wp\/v2\/categories?post=7968"},{"taxonomy":"post_tag","embeddable":true,"href":"https:\/\/www.inovelondrina.com.br\/agencia\/wp-json\/wp\/v2\/tags?post=7968"}],"curies":[{"name":"wp","href":"https:\/\/api.w.org\/{rel}","templated":true}]}}