{"id":7918,"date":"2020-01-16T17:05:19","date_gmt":"2020-01-16T20:05:19","guid":{"rendered":"https:\/\/www.inovelondrina.com.br\/agencia\/?p=7918"},"modified":"2021-01-25T12:37:57","modified_gmt":"2021-01-25T15:37:57","slug":"honpar-lanca-curso-de-graduacao-e-pos-graduacao-2","status":"publish","type":"post","link":"https:\/\/www.inovelondrina.com.br\/agencia\/honpar-lanca-curso-de-graduacao-e-pos-graduacao-2\/","title":{"rendered":"Honpar lan\u00e7a curso de gradua\u00e7\u00e3o e p\u00f3s-gradua\u00e7\u00e3o"},"content":{"rendered":"<p>Honpar de Arapongas, lan\u00e7ou a sua faculdade que ir\u00e1 ministrar cursos de gradua\u00e7\u00e3o superior e p\u00f3s-gradua\u00e7\u00e3o na \u00e1rea de sa\u00fade. Neste primeiro momento a institui\u00e7\u00e3o estar\u00e1 ofertando o &#8220;Tecn\u00f3logo em Radiologia\u201d, um curso com dura\u00e7\u00e3o de dois anos e meio e que proporciona ao aluno aprender a manusear equipamentos de raios-X e auxiliar os pacientes na realiza\u00e7\u00e3o dos exames. Diferente do curso t\u00e9cnico, o tecn\u00f3logo, \u00e9 reconhecido como um\u00a0<a href=\"https:\/\/www.bonde.com.br\/educacao\/noticias\/ministro-debate-com-instituicoes-de-ensino-retorno-das-aulas-presenciais-528617.html\" target=\"_blank\" rel=\"noopener\">curso de gradua\u00e7\u00e3o superior<\/a>\u00a0e o profissional formado obt\u00e9m remunera\u00e7\u00e3o salarial melhor que os t\u00e9cnicos, pois atua com maior responsabilidade e mais conhecimentos.<\/p>\n<p>&nbsp;<\/p>\n<div id=\"div-gpt-ad-1599568751823-0\">\n<div id=\"google_ads_iframe_\/5990085\/BONDE_INTEXT_ALLPAGES_0__container__\"><\/div>\n<\/div>\n<p>A coordenadora de ensino e pesquisa do HONPAR, Ad\u00e9lia Maria dos Santos Rebelato, destacou os benef\u00edcios dos alunos em aprenderem essa profiss\u00e3o em uma institui\u00e7\u00e3o de sa\u00fade de refer\u00eancia. Para ela esse \u00e9 o grande diferencial, pois os estudantes j\u00e1 v\u00e3o aprender a profiss\u00e3o na pr\u00e1tica e em um ambiente de excel\u00eancia. &#8220;O HONPAR sendo um hospital de refer\u00eancia em v\u00e1rias especialidades, contribui para que os alunos se qualifiquem em uma profiss\u00e3o institui\u00e7\u00e3o de grande porte, este \u00e9 o diferencial. Atualmente, o mercado carece de profissionais capacitados, com experi\u00eancia pr\u00e9via de uma institui\u00e7\u00e3o e ambiente hospitalar, e o HONPAR oferta, e passar\u00e1 a ofertar muito mais\u201d, destacou.<\/p>\n<p>Al\u00e9m do tecn\u00f3logo, a institui\u00e7\u00e3o passa a oferecer o curso de &#8220;P\u00f3s-gradua\u00e7\u00e3o em Nutri\u00e7\u00e3o Cl\u00ednica Ambulatorial e Hospitalar\u201d. O profissional nutricionista que vier para o HONPAR ter\u00e1 uma especializa\u00e7\u00e3o totalmente diferente, pois al\u00e9m da programa\u00e7\u00e3o te\u00f3rica, os alunos ter\u00e3o aulas pr\u00e1ticas para vivenciarem a experi\u00eancia \u00fanica de como \u00e9 o dia a dia de um profissional que atua em um ambiente hospitalar.<\/p>\n<p><center><ins class=\"adsbygoogle\" data-ad-client=\"ca-pub-9394317349867311\" data-ad-slot=\"6555330170\"><\/ins><\/center><br \/>\nAs aulas do tecn\u00f3logo, est\u00e1 prevista para iniciar em mar\u00e7o. J\u00e1 a p\u00f3s-gradua\u00e7\u00e3o come\u00e7a em fevereiro. Os interessados em se inscrever para os cursos dever\u00e3o acessar o site: www.honpar.com.br.<\/p>\n","protected":false},"excerpt":{"rendered":"<p>Honpar de Arapongas, lan\u00e7ou a sua faculdade que ir\u00e1 ministrar cursos de gradua\u00e7\u00e3o superior e p\u00f3s-gradua\u00e7\u00e3o na \u00e1rea de sa\u00fade. Neste primeiro momento a institui\u00e7\u00e3o estar\u00e1<span class=\"excerpt-hellip\"> [?]<\/span><\/p>\n","protected":false},"author":111,"featured_media":5726,"comment_status":"closed","ping_status":"open","sticky":false,"template":"","format":"standard","meta":{"_joinchat":[],"footnotes":""},"categories":[230],"tags":[],"class_list":["post-7918","post","type-post","status-publish","format-standard","has-post-thumbnail","hentry","category-honpar-hospital-norte-paranaense"],"_links":{"self":[{"href":"https:\/\/www.inovelondrina.com.br\/agencia\/wp-json\/wp\/v2\/posts\/7918","targetHints":{"allow":["GET"]}}],"collection":[{"href":"https:\/\/www.inovelondrina.com.br\/agencia\/wp-json\/wp\/v2\/posts"}],"about":[{"href":"https:\/\/www.inovelondrina.com.br\/agencia\/wp-json\/wp\/v2\/types\/post"}],"author":[{"embeddable":true,"href":"https:\/\/www.inovelondrina.com.br\/agencia\/wp-json\/wp\/v2\/users\/111"}],"replies":[{"embeddable":true,"href":"https:\/\/www.inovelondrina.com.br\/agencia\/wp-json\/wp\/v2\/comments?post=7918"}],"version-history":[{"count":0,"href":"https:\/\/www.inovelondrina.com.br\/agencia\/wp-json\/wp\/v2\/posts\/7918\/revisions"}],"wp:featuredmedia":[{"embeddable":true,"href":"https:\/\/www.inovelondrina.com.br\/agencia\/wp-json\/wp\/v2\/media\/5726"}],"wp:attachment":[{"href":"https:\/\/www.inovelondrina.com.br\/agencia\/wp-json\/wp\/v2\/media?parent=7918"}],"wp:term":[{"taxonomy":"category","embeddable":true,"href":"https:\/\/www.inovelondrina.com.br\/agencia\/wp-json\/wp\/v2\/categories?post=7918"},{"taxonomy":"post_tag","embeddable":true,"href":"https:\/\/www.inovelondrina.com.br\/agencia\/wp-json\/wp\/v2\/tags?post=7918"}],"curies":[{"name":"wp","href":"https:\/\/api.w.org\/{rel}","templated":true}]}}