{"id":7847,"date":"2020-11-19T19:49:02","date_gmt":"2020-11-19T22:49:02","guid":{"rendered":"https:\/\/www.inovelondrina.com.br\/agencia\/?p=7847"},"modified":"2020-11-25T19:51:51","modified_gmt":"2020-11-25T22:51:51","slug":"ailton-maistro-tem-piora-em-quadro-respiratorio","status":"publish","type":"post","link":"https:\/\/www.inovelondrina.com.br\/agencia\/ailton-maistro-tem-piora-em-quadro-respiratorio\/","title":{"rendered":"Ailton Maistro tem piora em quadro respirat\u00f3rio"},"content":{"rendered":"<p>O prefeito eleito de Rol\u00e2ndia, Ailton Aparecido Maistro (69), demostrou uma piora em seu quadro respirat\u00f3rio e precisou ser sedado e entubado na manh\u00e3 desta quinta-feira (19). A informa\u00e7\u00e3o foi repassada ao Jornal de Rol\u00e2ndia pela assessoria de imprensa do Hospital Evang\u00e9lico, de Londrina, onde Maistro est\u00e1 internado desde a madrugada da ter\u00e7a-feira (17).<\/p>\n<p>Ainda de acordo com a nota repassada ao JR, foi solicitada uma vaga de UTI para Maistro. A assessoria tamb\u00e9m alerta que n\u00e3o d\u00e1 para medir a gravidade de seu estado, mesmo com a ida para a UTI.<\/p>\n<p>O Jornal de Rol\u00e2ndia se solidariza com os familiares e amigos de Maistro e pede uma corrente de ora\u00e7\u00e3o e de pensamentos positivos para o prefeito eleito.<\/p>\n<p><a href=\"https:\/\/www.jornalderolandia.com.br\/noticias\/7284-ailton+maistro+tem+piora+em+quadro+respiratorio\/\">Por Jornal de Rol\u00e2ndia<\/a><\/p>\n","protected":false},"excerpt":{"rendered":"<p>O prefeito eleito de Rol\u00e2ndia, Ailton Aparecido Maistro (69), demostrou uma piora em seu quadro respirat\u00f3rio e precisou ser sedado e entubado na manh\u00e3 desta quinta-feira<span class=\"excerpt-hellip\"> [?]<\/span><\/p>\n","protected":false},"author":111,"featured_media":4453,"comment_status":"closed","ping_status":"open","sticky":false,"template":"","format":"standard","meta":{"_joinchat":[],"footnotes":""},"categories":[171],"tags":[],"class_list":["post-7847","post","type-post","status-publish","format-standard","has-post-thumbnail","hentry","category-hospital-evangelico"],"_links":{"self":[{"href":"https:\/\/www.inovelondrina.com.br\/agencia\/wp-json\/wp\/v2\/posts\/7847","targetHints":{"allow":["GET"]}}],"collection":[{"href":"https:\/\/www.inovelondrina.com.br\/agencia\/wp-json\/wp\/v2\/posts"}],"about":[{"href":"https:\/\/www.inovelondrina.com.br\/agencia\/wp-json\/wp\/v2\/types\/post"}],"author":[{"embeddable":true,"href":"https:\/\/www.inovelondrina.com.br\/agencia\/wp-json\/wp\/v2\/users\/111"}],"replies":[{"embeddable":true,"href":"https:\/\/www.inovelondrina.com.br\/agencia\/wp-json\/wp\/v2\/comments?post=7847"}],"version-history":[{"count":0,"href":"https:\/\/www.inovelondrina.com.br\/agencia\/wp-json\/wp\/v2\/posts\/7847\/revisions"}],"wp:featuredmedia":[{"embeddable":true,"href":"https:\/\/www.inovelondrina.com.br\/agencia\/wp-json\/wp\/v2\/media\/4453"}],"wp:attachment":[{"href":"https:\/\/www.inovelondrina.com.br\/agencia\/wp-json\/wp\/v2\/media?parent=7847"}],"wp:term":[{"taxonomy":"category","embeddable":true,"href":"https:\/\/www.inovelondrina.com.br\/agencia\/wp-json\/wp\/v2\/categories?post=7847"},{"taxonomy":"post_tag","embeddable":true,"href":"https:\/\/www.inovelondrina.com.br\/agencia\/wp-json\/wp\/v2\/tags?post=7847"}],"curies":[{"name":"wp","href":"https:\/\/api.w.org\/{rel}","templated":true}]}}