{"id":7838,"date":"2020-11-25T19:38:38","date_gmt":"2020-11-25T22:38:38","guid":{"rendered":"https:\/\/www.inovelondrina.com.br\/agencia\/?p=7838"},"modified":"2020-11-25T19:38:38","modified_gmt":"2020-11-25T22:38:38","slug":"prefeito-eleito-de-rolandia-e-internado-na-uti-com-covid-19","status":"publish","type":"post","link":"https:\/\/www.inovelondrina.com.br\/agencia\/prefeito-eleito-de-rolandia-e-internado-na-uti-com-covid-19\/","title":{"rendered":"Prefeito eleito de Rol\u00e2ndia \u00e9 internado na UTI com Covid-19"},"content":{"rendered":"<p>O prefeito eleito de Rol\u00e2ndia, Ailton Maistro (PSL), foi internado na UTI do Hospital Evang\u00e9lico com Covid-19. De acordo com a assessoria de imprensa do Hospital, ele est\u00e1 entubado, sedado e demonstrou piora no quadro respirat\u00f3rio.<\/p>\n<p>Ailton, de 69 anos, foi eleito no \u00faltimo domingo (15) pela coliga\u00e7\u00e3o &#8220;Rol\u00e2ndia Quer Mais&#8221; (PTB, PSL, MDB e Republicanos), com 43% dos votos v\u00e1lidos, na frente do segundo colocado, Alex Santana (PSD), que registrou 35,26%. O vice dele \u00e9 Marcio Vin\u00edcius (PSL).<\/p>\n<p><a href=\"https:\/\/tarobanews.com\/noticias\/cotidiano\/prefeito-eleito-de-rolandia-e-internado-na-uti-com-covid-19-DN78l.html\">Por Tarob\u00e1 News<\/a><\/p>\n","protected":false},"excerpt":{"rendered":"<p>O prefeito eleito de Rol\u00e2ndia, Ailton Maistro (PSL), foi internado na UTI do Hospital Evang\u00e9lico com Covid-19. De acordo com a assessoria de imprensa do Hospital,<span class=\"excerpt-hellip\"> [?]<\/span><\/p>\n","protected":false},"author":111,"featured_media":5251,"comment_status":"closed","ping_status":"open","sticky":false,"template":"","format":"standard","meta":{"_joinchat":[],"footnotes":""},"categories":[171],"tags":[],"class_list":["post-7838","post","type-post","status-publish","format-standard","has-post-thumbnail","hentry","category-hospital-evangelico"],"_links":{"self":[{"href":"https:\/\/www.inovelondrina.com.br\/agencia\/wp-json\/wp\/v2\/posts\/7838","targetHints":{"allow":["GET"]}}],"collection":[{"href":"https:\/\/www.inovelondrina.com.br\/agencia\/wp-json\/wp\/v2\/posts"}],"about":[{"href":"https:\/\/www.inovelondrina.com.br\/agencia\/wp-json\/wp\/v2\/types\/post"}],"author":[{"embeddable":true,"href":"https:\/\/www.inovelondrina.com.br\/agencia\/wp-json\/wp\/v2\/users\/111"}],"replies":[{"embeddable":true,"href":"https:\/\/www.inovelondrina.com.br\/agencia\/wp-json\/wp\/v2\/comments?post=7838"}],"version-history":[{"count":0,"href":"https:\/\/www.inovelondrina.com.br\/agencia\/wp-json\/wp\/v2\/posts\/7838\/revisions"}],"wp:featuredmedia":[{"embeddable":true,"href":"https:\/\/www.inovelondrina.com.br\/agencia\/wp-json\/wp\/v2\/media\/5251"}],"wp:attachment":[{"href":"https:\/\/www.inovelondrina.com.br\/agencia\/wp-json\/wp\/v2\/media?parent=7838"}],"wp:term":[{"taxonomy":"category","embeddable":true,"href":"https:\/\/www.inovelondrina.com.br\/agencia\/wp-json\/wp\/v2\/categories?post=7838"},{"taxonomy":"post_tag","embeddable":true,"href":"https:\/\/www.inovelondrina.com.br\/agencia\/wp-json\/wp\/v2\/tags?post=7838"}],"curies":[{"name":"wp","href":"https:\/\/api.w.org\/{rel}","templated":true}]}}