{"id":7836,"date":"2020-11-23T19:35:29","date_gmt":"2020-11-23T22:35:29","guid":{"rendered":"https:\/\/www.inovelondrina.com.br\/agencia\/?p=7836"},"modified":"2020-11-25T19:36:48","modified_gmt":"2020-11-25T22:36:48","slug":"prefeito-eleito-de-rolandia-permanece-na-uti-do-hospital-evangelico-com-covid-19","status":"publish","type":"post","link":"https:\/\/www.inovelondrina.com.br\/agencia\/prefeito-eleito-de-rolandia-permanece-na-uti-do-hospital-evangelico-com-covid-19\/","title":{"rendered":"Prefeito eleito de Rol\u00e2ndia permanece na UTI do Hospital Evang\u00e9lico com Covid-19"},"content":{"rendered":"<p>O prefeito eleito de Rol\u00e2ndia, A\u00edlton Maistro, de 69 anos, permanece internado por conta da Covid-19 na Unidade de Terapia Intensiva do Hospital Evang\u00e9lico em Londrina. Segundo informa\u00e7\u00f5es do presidente do PSL local, Diego Silva, a fam\u00edlia informou que o quadro de sa\u00fade do paciente \u00e9 est\u00e1vel. A satura\u00e7\u00e3o de oxig\u00eanio e press\u00e3o arterial tamb\u00e9m estaria est\u00e1vel. Ainda segundo a fam\u00edlia, ele ainda est\u00e1 recebendo medicamentos e a informa\u00e7\u00e3o que o quadro de sa\u00fade dele vem melhorando gradativamente.<\/p>\n<p>Na ter\u00e7a-feira dia 17, dois dias ap\u00f3s vencer as elei\u00e7\u00f5es municipais o empres\u00e1rio e ex-vice prefeito de Rolandia deu entrada no hospital pela manh\u00e3. J\u00e1 na quinta-feira, o quadro respirat\u00f3rio de Ailton Ma\u00edstro se agravou, e com a piora, ele foi entubado e transferido para a UTI.\u00a0 A assessoria de imprensa do hospital disse que n\u00e3o est\u00e1 mais autorizada pela fam\u00edlia a atualizar o quadro de sa\u00fade do prefeito eleito.<\/p>\n<p>Por Guilherme Marconi<\/p>\n","protected":false},"excerpt":{"rendered":"<p>O prefeito eleito de Rol\u00e2ndia, A\u00edlton Maistro, de 69 anos, permanece internado por conta da Covid-19 na Unidade de Terapia Intensiva do Hospital Evang\u00e9lico em Londrina.<span class=\"excerpt-hellip\"> [?]<\/span><\/p>\n","protected":false},"author":111,"featured_media":4319,"comment_status":"closed","ping_status":"open","sticky":false,"template":"","format":"standard","meta":{"_joinchat":[],"footnotes":""},"categories":[171],"tags":[],"class_list":["post-7836","post","type-post","status-publish","format-standard","has-post-thumbnail","hentry","category-hospital-evangelico"],"_links":{"self":[{"href":"https:\/\/www.inovelondrina.com.br\/agencia\/wp-json\/wp\/v2\/posts\/7836","targetHints":{"allow":["GET"]}}],"collection":[{"href":"https:\/\/www.inovelondrina.com.br\/agencia\/wp-json\/wp\/v2\/posts"}],"about":[{"href":"https:\/\/www.inovelondrina.com.br\/agencia\/wp-json\/wp\/v2\/types\/post"}],"author":[{"embeddable":true,"href":"https:\/\/www.inovelondrina.com.br\/agencia\/wp-json\/wp\/v2\/users\/111"}],"replies":[{"embeddable":true,"href":"https:\/\/www.inovelondrina.com.br\/agencia\/wp-json\/wp\/v2\/comments?post=7836"}],"version-history":[{"count":0,"href":"https:\/\/www.inovelondrina.com.br\/agencia\/wp-json\/wp\/v2\/posts\/7836\/revisions"}],"wp:featuredmedia":[{"embeddable":true,"href":"https:\/\/www.inovelondrina.com.br\/agencia\/wp-json\/wp\/v2\/media\/4319"}],"wp:attachment":[{"href":"https:\/\/www.inovelondrina.com.br\/agencia\/wp-json\/wp\/v2\/media?parent=7836"}],"wp:term":[{"taxonomy":"category","embeddable":true,"href":"https:\/\/www.inovelondrina.com.br\/agencia\/wp-json\/wp\/v2\/categories?post=7836"},{"taxonomy":"post_tag","embeddable":true,"href":"https:\/\/www.inovelondrina.com.br\/agencia\/wp-json\/wp\/v2\/tags?post=7836"}],"curies":[{"name":"wp","href":"https:\/\/api.w.org\/{rel}","templated":true}]}}