{"id":7728,"date":"2020-09-16T10:50:11","date_gmt":"2020-09-16T13:50:11","guid":{"rendered":"https:\/\/www.inovelondrina.com.br\/agencia\/?p=7728"},"modified":"2020-10-02T10:53:26","modified_gmt":"2020-10-02T13:53:26","slug":"hospital-evangelico-de-londrina-lanca-campanha-para-incrementar-atendimento-de-pacientes-do-sus","status":"publish","type":"post","link":"https:\/\/www.inovelondrina.com.br\/agencia\/hospital-evangelico-de-londrina-lanca-campanha-para-incrementar-atendimento-de-pacientes-do-sus\/","title":{"rendered":"Hospital Evang\u00e9lico de Londrina lan\u00e7a campanha para incrementar atendimento de pacientes do SUS"},"content":{"rendered":"<div class=\"conteudo\">\n<p>O Grupo de Apoio ao Hospital Evang\u00e9lico de Londrina lan\u00e7ou nesta quarta-feira uma campanha com o objetivo de aumentar a arrecada\u00e7\u00e3o de recursos para o atendimento de pacientes do Sistema \u00danico de Sa\u00fade. O interessado em participar da iniciativa, com a doa\u00e7\u00e3o de quantias em dinheiro, deve acessar o site\u00a0<a href=\"https:\/\/www.ajudeohe.com.br\/\">www.ajudeohe.com.br<\/a>. No endere\u00e7o eletr\u00f4nico, \u00e9 poss\u00edvel escolher os valores a serem repassados e os modos de pagamento. As doa\u00e7\u00f5es v\u00e3o ser 100% revertidas para a institui\u00e7\u00e3o, que, por sua vez, vai investir na compra de materiais e equipamentos.<\/p>\n<p>O diretor-executivo do Hospital Evang\u00e9lico de Londrina, Lincoln Magalh\u00e3es, destaca que, atualmente, mais de 60% dos atendimentos prestados pela institui\u00e7\u00e3o s\u00e3o voltados para o Sistema \u00danico de Sa\u00fade. Segundo ele, o n\u00famero de procedimentos aumentou consideravelmente por conta da pandemia de coronav\u00edrus, o que faz o hospital precisar mais do que nunca da ajuda da popula\u00e7\u00e3o.<\/p>\n<p>Magalh\u00e3es lembra, ainda, que a cada cem reais gastos pelo Evang\u00e9lico no tratamento de pacientes SUS, apenas 64 s\u00e3o custeados pelo poder p\u00fablico. O d\u00e9ficit, conforme ele, precisa ser absorvido pela pr\u00f3pria institui\u00e7\u00e3o. E \u00e9 justamente por conta disso que campanhas, como a lan\u00e7ada esta semana, s\u00e3o t\u00e3o importantes, conforme destacou o diretor.<\/p>\n<p>O site da campanha do Hospital Evang\u00e9lico, para mais informa\u00e7\u00f5es, \u00e9 o\u00a0<a class=\"vglnk\" href=\"https:\/\/www.ajudeohe.com.br\/\" rel=\"nofollow\">www.ajudeohe.com.br<\/a>.<\/p>\n<\/div>\n<div class=\"item-por\"><a href=\"https:\/\/cbnlondrina.com.br\/materias\/hospital-evangelico-de-londrina-lanca-campanha-para-incrementar-atendimento-de-pacientes-do-sus\">Por\u00a0<b>Guilherme Batista<\/b><\/a><\/div>\n","protected":false},"excerpt":{"rendered":"<p>O Grupo de Apoio ao Hospital Evang\u00e9lico de Londrina lan\u00e7ou nesta quarta-feira uma campanha com o objetivo de aumentar a arrecada\u00e7\u00e3o de recursos para o atendimento<span class=\"excerpt-hellip\"> [?]<\/span><\/p>\n","protected":false},"author":111,"featured_media":4319,"comment_status":"closed","ping_status":"open","sticky":false,"template":"","format":"standard","meta":{"_joinchat":[],"footnotes":""},"categories":[171],"tags":[],"class_list":["post-7728","post","type-post","status-publish","format-standard","has-post-thumbnail","hentry","category-hospital-evangelico"],"_links":{"self":[{"href":"https:\/\/www.inovelondrina.com.br\/agencia\/wp-json\/wp\/v2\/posts\/7728","targetHints":{"allow":["GET"]}}],"collection":[{"href":"https:\/\/www.inovelondrina.com.br\/agencia\/wp-json\/wp\/v2\/posts"}],"about":[{"href":"https:\/\/www.inovelondrina.com.br\/agencia\/wp-json\/wp\/v2\/types\/post"}],"author":[{"embeddable":true,"href":"https:\/\/www.inovelondrina.com.br\/agencia\/wp-json\/wp\/v2\/users\/111"}],"replies":[{"embeddable":true,"href":"https:\/\/www.inovelondrina.com.br\/agencia\/wp-json\/wp\/v2\/comments?post=7728"}],"version-history":[{"count":0,"href":"https:\/\/www.inovelondrina.com.br\/agencia\/wp-json\/wp\/v2\/posts\/7728\/revisions"}],"wp:featuredmedia":[{"embeddable":true,"href":"https:\/\/www.inovelondrina.com.br\/agencia\/wp-json\/wp\/v2\/media\/4319"}],"wp:attachment":[{"href":"https:\/\/www.inovelondrina.com.br\/agencia\/wp-json\/wp\/v2\/media?parent=7728"}],"wp:term":[{"taxonomy":"category","embeddable":true,"href":"https:\/\/www.inovelondrina.com.br\/agencia\/wp-json\/wp\/v2\/categories?post=7728"},{"taxonomy":"post_tag","embeddable":true,"href":"https:\/\/www.inovelondrina.com.br\/agencia\/wp-json\/wp\/v2\/tags?post=7728"}],"curies":[{"name":"wp","href":"https:\/\/api.w.org\/{rel}","templated":true}]}}