{"id":7725,"date":"2020-09-22T10:40:43","date_gmt":"2020-09-22T13:40:43","guid":{"rendered":"https:\/\/www.inovelondrina.com.br\/agencia\/?p=7725"},"modified":"2020-10-02T10:43:44","modified_gmt":"2020-10-02T13:43:44","slug":"fibromialgia-causa-dor-no-corpo-todo-e-cronica-e-demanda-paciente-ativo","status":"publish","type":"post","link":"https:\/\/www.inovelondrina.com.br\/agencia\/fibromialgia-causa-dor-no-corpo-todo-e-cronica-e-demanda-paciente-ativo\/","title":{"rendered":"Fibromialgia causa dor no corpo todo, \u00e9 cr\u00f4nica e demanda paciente ativo"},"content":{"rendered":"<p>Carlos Zicarelli, neurocirurgi\u00e3o e supervisor do Programa de Resid\u00eancia de Neurocirurgia do Hospital Evang\u00e9lico de Londrina (PR) explica que \u00e9 comum que as dores neurop\u00e1ticas, assim como outras doen\u00e7as, estejam presentes entre os pacientes com fibromialgia&#8230;. &#8211; Veja mais em https:\/\/www.uol.com.br\/vivabem\/doencas-de-a-z\/fibromialgia-causa-dor-no-corpo-todo-e-cronica-e-demanda-paciente-ativo.htm?cmpid=copiaecola<\/p>\n","protected":false},"excerpt":{"rendered":"<p>Carlos Zicarelli, neurocirurgi\u00e3o e supervisor do Programa de Resid\u00eancia de Neurocirurgia do Hospital Evang\u00e9lico de Londrina (PR) explica que \u00e9 comum que as dores neurop\u00e1ticas, assim<span class=\"excerpt-hellip\"> [?]<\/span><\/p>\n","protected":false},"author":111,"featured_media":7726,"comment_status":"closed","ping_status":"open","sticky":false,"template":"","format":"standard","meta":{"_joinchat":[],"footnotes":""},"categories":[171],"tags":[],"class_list":["post-7725","post","type-post","status-publish","format-standard","has-post-thumbnail","hentry","category-hospital-evangelico"],"_links":{"self":[{"href":"https:\/\/www.inovelondrina.com.br\/agencia\/wp-json\/wp\/v2\/posts\/7725","targetHints":{"allow":["GET"]}}],"collection":[{"href":"https:\/\/www.inovelondrina.com.br\/agencia\/wp-json\/wp\/v2\/posts"}],"about":[{"href":"https:\/\/www.inovelondrina.com.br\/agencia\/wp-json\/wp\/v2\/types\/post"}],"author":[{"embeddable":true,"href":"https:\/\/www.inovelondrina.com.br\/agencia\/wp-json\/wp\/v2\/users\/111"}],"replies":[{"embeddable":true,"href":"https:\/\/www.inovelondrina.com.br\/agencia\/wp-json\/wp\/v2\/comments?post=7725"}],"version-history":[{"count":0,"href":"https:\/\/www.inovelondrina.com.br\/agencia\/wp-json\/wp\/v2\/posts\/7725\/revisions"}],"wp:featuredmedia":[{"embeddable":true,"href":"https:\/\/www.inovelondrina.com.br\/agencia\/wp-json\/wp\/v2\/media\/7726"}],"wp:attachment":[{"href":"https:\/\/www.inovelondrina.com.br\/agencia\/wp-json\/wp\/v2\/media?parent=7725"}],"wp:term":[{"taxonomy":"category","embeddable":true,"href":"https:\/\/www.inovelondrina.com.br\/agencia\/wp-json\/wp\/v2\/categories?post=7725"},{"taxonomy":"post_tag","embeddable":true,"href":"https:\/\/www.inovelondrina.com.br\/agencia\/wp-json\/wp\/v2\/tags?post=7725"}],"curies":[{"name":"wp","href":"https:\/\/api.w.org\/{rel}","templated":true}]}}