{"id":7671,"date":"2020-08-30T10:31:39","date_gmt":"2020-08-30T13:31:39","guid":{"rendered":"https:\/\/www.inovelondrina.com.br\/agencia\/?p=7671"},"modified":"2020-09-02T10:33:34","modified_gmt":"2020-09-02T13:33:34","slug":"fiacao-de-seda-bratac-e-destaque-no-globo-rural","status":"publish","type":"post","link":"https:\/\/www.inovelondrina.com.br\/agencia\/fiacao-de-seda-bratac-e-destaque-no-globo-rural\/","title":{"rendered":"Fia\u00e7\u00e3o de seda Bratac \u00e9 destaque no Globo Rural"},"content":{"rendered":"<p>https:\/\/youtu.be\/gTrNGJ-1HYY<\/p>\n","protected":false},"excerpt":{"rendered":"<p>https:\/\/youtu.be\/gTrNGJ-1HYY<\/p>\n","protected":false},"author":111,"featured_media":6618,"comment_status":"closed","ping_status":"open","sticky":false,"template":"","format":"standard","meta":{"_joinchat":[],"footnotes":""},"categories":[224],"tags":[],"class_list":["post-7671","post","type-post","status-publish","format-standard","has-post-thumbnail","hentry","category-fiacao-de-seda-bratac"],"_links":{"self":[{"href":"https:\/\/www.inovelondrina.com.br\/agencia\/wp-json\/wp\/v2\/posts\/7671","targetHints":{"allow":["GET"]}}],"collection":[{"href":"https:\/\/www.inovelondrina.com.br\/agencia\/wp-json\/wp\/v2\/posts"}],"about":[{"href":"https:\/\/www.inovelondrina.com.br\/agencia\/wp-json\/wp\/v2\/types\/post"}],"author":[{"embeddable":true,"href":"https:\/\/www.inovelondrina.com.br\/agencia\/wp-json\/wp\/v2\/users\/111"}],"replies":[{"embeddable":true,"href":"https:\/\/www.inovelondrina.com.br\/agencia\/wp-json\/wp\/v2\/comments?post=7671"}],"version-history":[{"count":0,"href":"https:\/\/www.inovelondrina.com.br\/agencia\/wp-json\/wp\/v2\/posts\/7671\/revisions"}],"wp:featuredmedia":[{"embeddable":true,"href":"https:\/\/www.inovelondrina.com.br\/agencia\/wp-json\/wp\/v2\/media\/6618"}],"wp:attachment":[{"href":"https:\/\/www.inovelondrina.com.br\/agencia\/wp-json\/wp\/v2\/media?parent=7671"}],"wp:term":[{"taxonomy":"category","embeddable":true,"href":"https:\/\/www.inovelondrina.com.br\/agencia\/wp-json\/wp\/v2\/categories?post=7671"},{"taxonomy":"post_tag","embeddable":true,"href":"https:\/\/www.inovelondrina.com.br\/agencia\/wp-json\/wp\/v2\/tags?post=7671"}],"curies":[{"name":"wp","href":"https:\/\/api.w.org\/{rel}","templated":true}]}}