{"id":7644,"date":"2020-08-11T15:36:04","date_gmt":"2020-08-11T18:36:04","guid":{"rendered":"https:\/\/www.inovelondrina.com.br\/agencia\/?p=7644"},"modified":"2020-08-19T15:42:58","modified_gmt":"2020-08-19T18:42:58","slug":"apucarana-e-regiao-recebem-novos-leitos-deuti-para-tratamento-da-covid-19","status":"publish","type":"post","link":"https:\/\/www.inovelondrina.com.br\/agencia\/apucarana-e-regiao-recebem-novos-leitos-deuti-para-tratamento-da-covid-19\/","title":{"rendered":"Apucarana e regi\u00e3o recebem novos leitos deUTI para tratamento da COVID-19"},"content":{"rendered":"<p>A Secretaria de Estado de Sa\u00fade entregou aos representantes de dois hospitais da 16\u00aa Regional de Sa\u00fade \u2013 Apucarana equipamentos para instala\u00e7\u00e3o de mais Unidades de Terapia Intensiva na regi\u00e3o, exclusivas para pacientes com suspeita ou diagn\u00f3stico confirmado de Covid-19. Os 13 kits de respiradores e monitores foram destinados ao Hospital Norte Paranaense (Honpar), em Arapongas, e ao Hospital da Previd\u00eancia, em Apucarana.<\/p>\n<p>Os novos leitos de UTI ser\u00e3o disponibilizados nos pr\u00f3ximos dias. S\u00e3o 10 no Honpar e tr\u00eas no Hospital da Previd\u00eancia. Somados aos demais leitos da macrorregi\u00e3o Norte, ser\u00e3o 206 leitos UTI. Quase 2 milh\u00f5es de pessoas residem nos munic\u00edpios.<\/p>\n<p>Para o secret\u00e1rio de Estado da Sa\u00fade Beto Preto, as novas unidades de terapia intensiva ser\u00e3o um avan\u00e7o na estrutura de suporte de alta complexidade para a comunidade da regi\u00e3o. \u201cApucarana e Arapongas com mais leitos dar\u00e3o apoio para a macrorregi\u00e3o. Implantamos estes leitos, conforme a demanda da rede, e tamb\u00e9m ap\u00f3s a sinaliza\u00e7\u00e3o no caso de Arapongas, que o hospital tinha estrutura para receber esta amplia\u00e7\u00e3o\u201d, afirmou.<\/p>\n<p>Desde mar\u00e7o deste ano, a Secretaria de Estado da Sa\u00fade j\u00e1 habilitou 1.083 leitos de UTI adulto, 1.549 enfermaria adulto, 49 de UTI pedi\u00e1trica e 70 de enfermaria pedi\u00e1trica em unidades pr\u00f3prias ou contratadas, para uso exclusivo de pacientes suspeitos ou confirmados com Covid-19.<\/p>\n<div id=\"gallery-1\" class=\"gallery galleryid-39183 gallery-columns-1 gallery-size-td_696x385\" data-carousel-extra=\"{&quot;blog_id&quot;:1,&quot;permalink&quot;:&quot;https:\\\/\\\/www.canal38.com.br\\\/apucarana-e-regiao-recebem-mais-leitos-de-uti-para-covid-19\\\/&quot;}\">\n<figure class=\"gallery-item\">\n<div class=\"gallery-icon landscape\"><\/div>\n<\/figure>\n<\/div>\n","protected":false},"excerpt":{"rendered":"<p>A Secretaria de Estado de Sa\u00fade entregou aos representantes de dois hospitais da 16\u00aa Regional de Sa\u00fade \u2013 Apucarana equipamentos para instala\u00e7\u00e3o de mais Unidades de<span class=\"excerpt-hellip\"> [?]<\/span><\/p>\n","protected":false},"author":111,"featured_media":7645,"comment_status":"closed","ping_status":"open","sticky":false,"template":"","format":"standard","meta":{"_joinchat":[],"footnotes":""},"categories":[230],"tags":[],"class_list":["post-7644","post","type-post","status-publish","format-standard","has-post-thumbnail","hentry","category-honpar-hospital-norte-paranaense"],"_links":{"self":[{"href":"https:\/\/www.inovelondrina.com.br\/agencia\/wp-json\/wp\/v2\/posts\/7644","targetHints":{"allow":["GET"]}}],"collection":[{"href":"https:\/\/www.inovelondrina.com.br\/agencia\/wp-json\/wp\/v2\/posts"}],"about":[{"href":"https:\/\/www.inovelondrina.com.br\/agencia\/wp-json\/wp\/v2\/types\/post"}],"author":[{"embeddable":true,"href":"https:\/\/www.inovelondrina.com.br\/agencia\/wp-json\/wp\/v2\/users\/111"}],"replies":[{"embeddable":true,"href":"https:\/\/www.inovelondrina.com.br\/agencia\/wp-json\/wp\/v2\/comments?post=7644"}],"version-history":[{"count":0,"href":"https:\/\/www.inovelondrina.com.br\/agencia\/wp-json\/wp\/v2\/posts\/7644\/revisions"}],"wp:featuredmedia":[{"embeddable":true,"href":"https:\/\/www.inovelondrina.com.br\/agencia\/wp-json\/wp\/v2\/media\/7645"}],"wp:attachment":[{"href":"https:\/\/www.inovelondrina.com.br\/agencia\/wp-json\/wp\/v2\/media?parent=7644"}],"wp:term":[{"taxonomy":"category","embeddable":true,"href":"https:\/\/www.inovelondrina.com.br\/agencia\/wp-json\/wp\/v2\/categories?post=7644"},{"taxonomy":"post_tag","embeddable":true,"href":"https:\/\/www.inovelondrina.com.br\/agencia\/wp-json\/wp\/v2\/tags?post=7644"}],"curies":[{"name":"wp","href":"https:\/\/api.w.org\/{rel}","templated":true}]}}