{"id":7637,"date":"2020-08-05T14:53:51","date_gmt":"2020-08-05T17:53:51","guid":{"rendered":"https:\/\/www.inovelondrina.com.br\/agencia\/?p=7637"},"modified":"2020-08-19T15:29:20","modified_gmt":"2020-08-19T18:29:20","slug":"governo-do-estado-vai-ampliar-10-novos-leitos-de-uti-para-pacientes-com-covid-19-no-honpar","status":"publish","type":"post","link":"https:\/\/www.inovelondrina.com.br\/agencia\/governo-do-estado-vai-ampliar-10-novos-leitos-de-uti-para-pacientes-com-covid-19-no-honpar\/","title":{"rendered":"Governo do Estado vai ampliar 10 novos leitos de UTI para pacientes com Covid-19 no Honpar"},"content":{"rendered":"<div class=\"conteudo\">\n<p>O Hospital Norte Paranaense \u2013 Honpar em Arapongas est\u00e1 com os leitos de UTI para pacientes com Coronav\u00edrus ocupados na totalidade desde o m\u00eas passado.<\/p>\n<p>No total, no chamado \u201cEixo Verde\u201d, que \u00e9 a ala de atendimento para pacientes com Coronav\u00edrus, s\u00e3o 20 leitos de UTI e 40 leitos de enfermaria, desses, 30 est\u00e3o ocupados.<\/p>\n<p>Diante disso, o governo do estado anunciou que foram disponibilizados 10 novos leitos de UTI para pacientes com a Covid-19, totalizando 30 leitos de UTI para o tratamento de pacientes com a doen\u00e7a.<\/p>\n<p>De acordo com o diretor administrativo do Honpar, Montgomery Benites, o contrato \u00e9 uma parceria, o hospital entra com os leitos e profissionais, e o governo com medicamentos para seda\u00e7\u00e3o, respiradores e monitores.<\/p>\n<p>A expectativa \u00e9 que em at\u00e9 10 dias os leitos j\u00e1 estar\u00e3o dispon\u00edveis para atendimento \u00e0 popula\u00e7\u00e3o. A amplia\u00e7\u00e3o dos leitos \u00e9 por tempo indeterminado.<\/p>\n<p>O Honpar \u00e9 uma entidade particular sem fins lucrativos que firmou conv\u00eanio com o governo do estado e atende ainda aos pacientes que n\u00e3o s\u00e3o suspeitos ou com diagn\u00f3stico de Coronav\u00edrus.<\/p>\n<p>A unidade tem 300 leitos de enfermaria na ala comum que tem acesso totalmente separado da ala de pacientes com a Covid-19, desses 150 est\u00e3o sendo utilizados nesse momento. H\u00e1 ainda outros 63 leitos de UTI na ala comum, desses ao menos 40 est\u00e3o sendo utilizados.<\/p>\n<p>Em nota a Secretaria Estadual de Sa\u00fade confirmou a amplia\u00e7\u00e3o dos leitos e refor\u00e7ou que:<br \/>\n<em>\u201cA medida faz parte da estrat\u00e9gia de implanta\u00e7\u00e3o de leitos exclusivos para o enfrentamento da Covid-19, que foi desenhado pela Sesa desde o in\u00edcio da pandemia, considerando a demanda na rede hospitalar.<\/em><\/p>\n<p><em>N\u00e3o \u00e9, portanto, nenhuma novidade, uma vez que o Estado fez a previs\u00e3o deste aumento de leitos de forma gradativa, em todas as regi\u00f5es do Paran\u00e1. Hoje s\u00e3o 1.074 leitos de UTI abertos apenas para atender pacientes com Coronav\u00edrus. Em quatro meses, o Paran\u00e1 abriu pr\u00f3ximo daquilo que foi habilitado em 30 anos.\u201d<\/em><\/p>\n<\/div>\n<div class=\"item-por\"><a href=\"https:\/\/cbnlondrina.com.br\/materias\/governo-do-estado-vai-ampliar-10-novos-leitos-de-uti-para-pacientes-com-covid-19-no-honpar\">Por\u00a0<b>Bruno Carraro<\/b><\/a><\/div>\n","protected":false},"excerpt":{"rendered":"<p>O Hospital Norte Paranaense \u2013 Honpar em Arapongas est\u00e1 com os leitos de UTI para pacientes com Coronav\u00edrus ocupados na totalidade desde o m\u00eas passado. No<span class=\"excerpt-hellip\"> [?]<\/span><\/p>\n","protected":false},"author":111,"featured_media":4319,"comment_status":"closed","ping_status":"open","sticky":false,"template":"","format":"standard","meta":{"_joinchat":[],"footnotes":""},"categories":[230],"tags":[],"class_list":["post-7637","post","type-post","status-publish","format-standard","has-post-thumbnail","hentry","category-honpar-hospital-norte-paranaense"],"_links":{"self":[{"href":"https:\/\/www.inovelondrina.com.br\/agencia\/wp-json\/wp\/v2\/posts\/7637","targetHints":{"allow":["GET"]}}],"collection":[{"href":"https:\/\/www.inovelondrina.com.br\/agencia\/wp-json\/wp\/v2\/posts"}],"about":[{"href":"https:\/\/www.inovelondrina.com.br\/agencia\/wp-json\/wp\/v2\/types\/post"}],"author":[{"embeddable":true,"href":"https:\/\/www.inovelondrina.com.br\/agencia\/wp-json\/wp\/v2\/users\/111"}],"replies":[{"embeddable":true,"href":"https:\/\/www.inovelondrina.com.br\/agencia\/wp-json\/wp\/v2\/comments?post=7637"}],"version-history":[{"count":0,"href":"https:\/\/www.inovelondrina.com.br\/agencia\/wp-json\/wp\/v2\/posts\/7637\/revisions"}],"wp:featuredmedia":[{"embeddable":true,"href":"https:\/\/www.inovelondrina.com.br\/agencia\/wp-json\/wp\/v2\/media\/4319"}],"wp:attachment":[{"href":"https:\/\/www.inovelondrina.com.br\/agencia\/wp-json\/wp\/v2\/media?parent=7637"}],"wp:term":[{"taxonomy":"category","embeddable":true,"href":"https:\/\/www.inovelondrina.com.br\/agencia\/wp-json\/wp\/v2\/categories?post=7637"},{"taxonomy":"post_tag","embeddable":true,"href":"https:\/\/www.inovelondrina.com.br\/agencia\/wp-json\/wp\/v2\/tags?post=7637"}],"curies":[{"name":"wp","href":"https:\/\/api.w.org\/{rel}","templated":true}]}}