{"id":7628,"date":"2020-08-27T16:23:17","date_gmt":"2020-08-27T19:23:17","guid":{"rendered":"https:\/\/www.inovelondrina.com.br\/agencia\/?p=7628"},"modified":"2020-08-19T14:35:55","modified_gmt":"2020-08-19T17:35:55","slug":"hospital-evangelico-de-londrina-reabre-pronto-socorro-apos-higienizacao-2","status":"publish","type":"post","link":"https:\/\/www.inovelondrina.com.br\/agencia\/hospital-evangelico-de-londrina-reabre-pronto-socorro-apos-higienizacao-2\/","title":{"rendered":"Hospital Evang\u00e9lico de Londrina reabre pronto-socorro ap\u00f3s higieniza\u00e7\u00e3o"},"content":{"rendered":"<div class=\"mc-column content-text active-extra-styles \" data-block-type=\"unstyled\" data-block-weight=\"23\" data-block-id=\"2\">\n<p class=\"content-text__container \" data-track-category=\"Link no Texto\" data-track-links=\"\">O Hospital Evang\u00e9lico de Londrina, no norte do Paran\u00e1, reabriu o pronto-socorro ap\u00f3s o setor ficar quase uma semana fechado para higieniza\u00e7\u00e3o.<\/p>\n<\/div>\n<div class=\"wall protected-content\">\n<div class=\"mc-column content-text active-extra-styles \" data-block-type=\"unstyled\" data-block-weight=\"30\" data-block-id=\"3\">\n<p class=\"content-text__container \" data-track-category=\"Link no Texto\" data-track-links=\"\">A abertura parcial do setor ocorreu na manh\u00e3 de domingo (26). Na manh\u00e3 desta segunda-feira (27), o pronto-socorro reabriu totalmente, recebendo pacientes de conv\u00eanios e de servi\u00e7os de sa\u00fade.<\/p>\n<\/div>\n<div class=\"mc-column content-text active-extra-styles \" data-block-type=\"unstyled\" data-block-weight=\"23\" data-block-id=\"4\">\n<p class=\"content-text__container \" data-track-category=\"Link no Texto\" data-track-links=\"\">O pronto-socorro foi\u00a0<a href=\"https:\/\/g1.globo.com\/pr\/norte-noroeste\/noticia\/2020\/07\/22\/coronavirus-pronto-socorro-parte-da-enfermaria-e-da-uti-do-hospital-evangelico-sao-fechados-para-desinfeccao.ghtml\">fechado no dia 22 de julho<\/a>\u00a0depois de um paciente que n\u00e3o apresentava sintomas, morrer de Covid-19 no hospital.<\/p>\n<\/div>\n<div class=\"mc-column content-text active-extra-styles \" data-block-type=\"unstyled\" data-block-weight=\"28\" data-block-id=\"5\">\n<p class=\"content-text__container \" data-track-category=\"Link no Texto\" data-track-links=\"\">Um homem que tinha 56 anos estava internado desde o dia 8 de julho e tinha passado por uma cirurgia. At\u00e9 ent\u00e3o, n\u00e3o tinha sintomas da Covid-19.<\/p>\n<\/div>\n<div data-track-category=\"multicontent\" data-track-action=\"ultimo chunk conteudo\" data-track-noninteraction=\"false\" data-track-scroll=\"view\">\n<div class=\"mc-column content-text active-extra-styles \" data-block-type=\"unstyled\" data-block-weight=\"10\" data-block-id=\"6\">\n<p class=\"content-text__container \" data-track-category=\"Link no Texto\" data-track-links=\"\"><em>Veja mais not\u00edcias da regi\u00e3o no\u00a0<\/em><a href=\"https:\/\/g1.globo.com\/pr\/norte-noroeste\/\"><strong><em>G1 Norte e Noroeste.<\/em><\/strong><\/a><\/p>\n<\/div>\n<\/div>\n<\/div>\n","protected":false},"excerpt":{"rendered":"<p>O Hospital Evang\u00e9lico de Londrina, no norte do Paran\u00e1, reabriu o pronto-socorro ap\u00f3s o setor ficar quase uma semana fechado para higieniza\u00e7\u00e3o. A abertura parcial do<span class=\"excerpt-hellip\"> [?]<\/span><\/p>\n","protected":false},"author":111,"featured_media":7142,"comment_status":"closed","ping_status":"open","sticky":false,"template":"","format":"standard","meta":{"_joinchat":[],"footnotes":""},"categories":[171],"tags":[],"class_list":["post-7628","post","type-post","status-publish","format-standard","has-post-thumbnail","hentry","category-hospital-evangelico"],"_links":{"self":[{"href":"https:\/\/www.inovelondrina.com.br\/agencia\/wp-json\/wp\/v2\/posts\/7628","targetHints":{"allow":["GET"]}}],"collection":[{"href":"https:\/\/www.inovelondrina.com.br\/agencia\/wp-json\/wp\/v2\/posts"}],"about":[{"href":"https:\/\/www.inovelondrina.com.br\/agencia\/wp-json\/wp\/v2\/types\/post"}],"author":[{"embeddable":true,"href":"https:\/\/www.inovelondrina.com.br\/agencia\/wp-json\/wp\/v2\/users\/111"}],"replies":[{"embeddable":true,"href":"https:\/\/www.inovelondrina.com.br\/agencia\/wp-json\/wp\/v2\/comments?post=7628"}],"version-history":[{"count":0,"href":"https:\/\/www.inovelondrina.com.br\/agencia\/wp-json\/wp\/v2\/posts\/7628\/revisions"}],"wp:featuredmedia":[{"embeddable":true,"href":"https:\/\/www.inovelondrina.com.br\/agencia\/wp-json\/wp\/v2\/media\/7142"}],"wp:attachment":[{"href":"https:\/\/www.inovelondrina.com.br\/agencia\/wp-json\/wp\/v2\/media?parent=7628"}],"wp:term":[{"taxonomy":"category","embeddable":true,"href":"https:\/\/www.inovelondrina.com.br\/agencia\/wp-json\/wp\/v2\/categories?post=7628"},{"taxonomy":"post_tag","embeddable":true,"href":"https:\/\/www.inovelondrina.com.br\/agencia\/wp-json\/wp\/v2\/tags?post=7628"}],"curies":[{"name":"wp","href":"https:\/\/api.w.org\/{rel}","templated":true}]}}