{"id":7623,"date":"2020-07-22T13:39:12","date_gmt":"2020-07-22T16:39:12","guid":{"rendered":"https:\/\/www.inovelondrina.com.br\/agencia\/?p=7623"},"modified":"2020-08-18T14:13:44","modified_gmt":"2020-08-18T17:13:44","slug":"coronavirus-pronto-socorro-parte-da-enfermaria-e-da-uti-do-hospital-evangelico-de-londrina-sao-fechados-para-desinfeccao","status":"publish","type":"post","link":"https:\/\/www.inovelondrina.com.br\/agencia\/coronavirus-pronto-socorro-parte-da-enfermaria-e-da-uti-do-hospital-evangelico-de-londrina-sao-fechados-para-desinfeccao\/","title":{"rendered":"Coronav\u00edrus: Pronto-socorro, parte da enfermaria e da UTI do Hospital Evang\u00e9lico de Londrina s\u00e3o fechados para desinfec\u00e7\u00e3o"},"content":{"rendered":"<div class=\"mc-column content-text active-extra-styles \" data-block-type=\"unstyled\" data-block-weight=\"37\" data-block-id=\"3\">\n<p class=\"content-text__container \" data-track-category=\"Link no Texto\" data-track-links=\"\">O hospital detalhou que o paciente foi internado no dia 8 de julho e n\u00e3o apresentava nenhum sintomas da doen\u00e7a. Na segunda-feira (20), ele apresentou insufici\u00eancia respirat\u00f3ria quando foi isolado e fez o exame.<\/p>\n<\/div>\n<div class=\"mc-column content-text active-extra-styles \" data-block-type=\"unstyled\" data-block-weight=\"19\" data-block-id=\"4\">\n<p class=\"content-text__container \" data-track-category=\"Link no Texto\" data-track-links=\"\">Pacientes e funcion\u00e1rios que estiveram perto dele ser\u00e3o monitorados e o setor passar\u00e1 por um processo de desinfec\u00e7\u00e3o.<\/p>\n<\/div>\n<div class=\"mc-column content-text active-extra-styles \" data-block-type=\"unstyled\" data-block-weight=\"27\" data-block-id=\"5\">\n<p class=\"content-text__container \" data-track-category=\"Link no Texto\" data-track-links=\"\">A previs\u00e3o \u00e9 que o pronto-socorro seja reaberto ao meio-dia do dia 27 de julho. At\u00e9 l\u00e1, os atendimentos ser\u00e3o realizados por outros hospitais da cidade.<\/p>\n<p data-track-category=\"Link no Texto\" data-track-links=\"\">Por <a href=\"https:\/\/g1.globo.com\/pr\/norte-noroeste\/\"><strong><em>G1 Norte e Noroeste.<\/em><\/strong><\/a><\/p>\n<\/div>\n","protected":false},"excerpt":{"rendered":"<p>O hospital detalhou que o paciente foi internado no dia 8 de julho e n\u00e3o apresentava nenhum sintomas da doen\u00e7a. Na segunda-feira (20), ele apresentou insufici\u00eancia<span class=\"excerpt-hellip\"> [?]<\/span><\/p>\n","protected":false},"author":111,"featured_media":7142,"comment_status":"closed","ping_status":"open","sticky":false,"template":"","format":"standard","meta":{"_joinchat":[],"footnotes":""},"categories":[171],"tags":[],"class_list":["post-7623","post","type-post","status-publish","format-standard","has-post-thumbnail","hentry","category-hospital-evangelico"],"_links":{"self":[{"href":"https:\/\/www.inovelondrina.com.br\/agencia\/wp-json\/wp\/v2\/posts\/7623","targetHints":{"allow":["GET"]}}],"collection":[{"href":"https:\/\/www.inovelondrina.com.br\/agencia\/wp-json\/wp\/v2\/posts"}],"about":[{"href":"https:\/\/www.inovelondrina.com.br\/agencia\/wp-json\/wp\/v2\/types\/post"}],"author":[{"embeddable":true,"href":"https:\/\/www.inovelondrina.com.br\/agencia\/wp-json\/wp\/v2\/users\/111"}],"replies":[{"embeddable":true,"href":"https:\/\/www.inovelondrina.com.br\/agencia\/wp-json\/wp\/v2\/comments?post=7623"}],"version-history":[{"count":0,"href":"https:\/\/www.inovelondrina.com.br\/agencia\/wp-json\/wp\/v2\/posts\/7623\/revisions"}],"wp:featuredmedia":[{"embeddable":true,"href":"https:\/\/www.inovelondrina.com.br\/agencia\/wp-json\/wp\/v2\/media\/7142"}],"wp:attachment":[{"href":"https:\/\/www.inovelondrina.com.br\/agencia\/wp-json\/wp\/v2\/media?parent=7623"}],"wp:term":[{"taxonomy":"category","embeddable":true,"href":"https:\/\/www.inovelondrina.com.br\/agencia\/wp-json\/wp\/v2\/categories?post=7623"},{"taxonomy":"post_tag","embeddable":true,"href":"https:\/\/www.inovelondrina.com.br\/agencia\/wp-json\/wp\/v2\/tags?post=7623"}],"curies":[{"name":"wp","href":"https:\/\/api.w.org\/{rel}","templated":true}]}}