{"id":7616,"date":"2020-07-22T13:08:01","date_gmt":"2020-07-22T16:08:01","guid":{"rendered":"https:\/\/www.inovelondrina.com.br\/agencia\/?p=7616"},"modified":"2020-08-18T13:10:00","modified_gmt":"2020-08-18T16:10:00","slug":"hospital-evangelico-fecha-pronto-socorro-unidade-de-internacao-e-uti-por-cinco-dias","status":"publish","type":"post","link":"https:\/\/www.inovelondrina.com.br\/agencia\/hospital-evangelico-fecha-pronto-socorro-unidade-de-internacao-e-uti-por-cinco-dias\/","title":{"rendered":"Hospital Evang\u00e9lico fecha Pronto Socorro, Unidade de Interna\u00e7\u00e3o e UTI por cinco dias"},"content":{"rendered":"<p>Na manh\u00e3 desta quarta-feira (22), foi informado pela assessoria do Hospital Evang\u00e9lico (HE) de Londrina o fechamento do Pronto Socorro, Unidade de Interna\u00e7\u00e3o e UTI (Unidade de Terapia Intensiva), das 12h desta quarta-feira at\u00e9 as 12h da pr\u00f3xima segunda-feira (27).<\/p>\n<p>O que motivou a suspens\u00e3o das atividades foi um caso confirmado de Covid-19 nesta ter\u00e7a-feira (21), de um paciente que estava internado desde o dia 8 deste m\u00eas. Ele \u00e9 assintom\u00e1tico e apresentou insufici\u00eancia respirat\u00f3ria no dia 20, sendo imediatamente isolado, investigado e testado.<\/p>\n<div id=\"_ppads_video\"><\/div>\n<p>Ser\u00e1 feito um remanejamento dos pacientes alocados para outros setores, para que assim seja poss\u00edvel realizar a limpeza e desinfe\u00e7\u00e3o das unidades. Quando esse processo for conclu\u00eddo, o HE voltar\u00e1 a recepcionar novos pacientes.<\/p>\n<p><a href=\"https:\/\/www.paiquere.com.br\/hospital-evangelico-fecha-pronto-socorro-unidade-de-internacao-e-uti-por-cinco-dias\/\">Por Paiquer\u00ea<\/a><\/p>\n","protected":false},"excerpt":{"rendered":"<p>Na manh\u00e3 desta quarta-feira (22), foi informado pela assessoria do Hospital Evang\u00e9lico (HE) de Londrina o fechamento do Pronto Socorro, Unidade de Interna\u00e7\u00e3o e UTI (Unidade<span class=\"excerpt-hellip\"> [?]<\/span><\/p>\n","protected":false},"author":111,"featured_media":6228,"comment_status":"closed","ping_status":"open","sticky":false,"template":"","format":"standard","meta":{"_joinchat":[],"footnotes":""},"categories":[171],"tags":[],"class_list":["post-7616","post","type-post","status-publish","format-standard","has-post-thumbnail","hentry","category-hospital-evangelico"],"_links":{"self":[{"href":"https:\/\/www.inovelondrina.com.br\/agencia\/wp-json\/wp\/v2\/posts\/7616","targetHints":{"allow":["GET"]}}],"collection":[{"href":"https:\/\/www.inovelondrina.com.br\/agencia\/wp-json\/wp\/v2\/posts"}],"about":[{"href":"https:\/\/www.inovelondrina.com.br\/agencia\/wp-json\/wp\/v2\/types\/post"}],"author":[{"embeddable":true,"href":"https:\/\/www.inovelondrina.com.br\/agencia\/wp-json\/wp\/v2\/users\/111"}],"replies":[{"embeddable":true,"href":"https:\/\/www.inovelondrina.com.br\/agencia\/wp-json\/wp\/v2\/comments?post=7616"}],"version-history":[{"count":0,"href":"https:\/\/www.inovelondrina.com.br\/agencia\/wp-json\/wp\/v2\/posts\/7616\/revisions"}],"wp:featuredmedia":[{"embeddable":true,"href":"https:\/\/www.inovelondrina.com.br\/agencia\/wp-json\/wp\/v2\/media\/6228"}],"wp:attachment":[{"href":"https:\/\/www.inovelondrina.com.br\/agencia\/wp-json\/wp\/v2\/media?parent=7616"}],"wp:term":[{"taxonomy":"category","embeddable":true,"href":"https:\/\/www.inovelondrina.com.br\/agencia\/wp-json\/wp\/v2\/categories?post=7616"},{"taxonomy":"post_tag","embeddable":true,"href":"https:\/\/www.inovelondrina.com.br\/agencia\/wp-json\/wp\/v2\/tags?post=7616"}],"curies":[{"name":"wp","href":"https:\/\/api.w.org\/{rel}","templated":true}]}}