{"id":7614,"date":"2020-07-17T12:56:46","date_gmt":"2020-07-17T15:56:46","guid":{"rendered":"https:\/\/www.inovelondrina.com.br\/agencia\/?p=7614"},"modified":"2020-08-18T13:07:46","modified_gmt":"2020-08-18T16:07:46","slug":"hospital-evangelico-registra-recorde-de-internacoes-por-coronavirus","status":"publish","type":"post","link":"https:\/\/www.inovelondrina.com.br\/agencia\/hospital-evangelico-registra-recorde-de-internacoes-por-coronavirus\/","title":{"rendered":"Hospital Evang\u00e9lico registra recorde de interna\u00e7\u00f5es por coronav\u00edrus"},"content":{"rendered":"<p>O \u00faltimo boletim do Hospital Evang\u00e9lico, divulgado pelas\u00a0<a href=\"https:\/\/instagram.com\/he_londrina?igshid=13tolufnsba09\" target=\"_blank\" rel=\"noopener noreferrer\">redes sociais<\/a>\u00a0nesta quarta-feira (15), revelou que a Institui\u00e7\u00e3o atingiu o pico de interna\u00e7\u00f5es por Covid-19 desde o in\u00edcio da divulga\u00e7\u00e3o dos informes.<\/p>\n<p>Na data de divulga\u00e7\u00e3o do boletim, o Evang\u00e9lico tratava 27 pacientes que testaram positivo para a doen\u00e7a, 15 em leitos de UTI e 12 internados em isolamento. O Hospital afirmou que disp\u00f5e de 22 leitos de UTI.<\/p>\n<p>No pen\u00faltimo boletim, divulgado na \u00faltima ter\u00e7a-feira (14), eram oito pacientes com coronav\u00edrus internados em isolamento e outros quatro em UTI, 15 a menos do que no informe mais recente.<\/p>\n<p><strong>&#8220;Taxa de ocupa\u00e7\u00e3o m\u00e1xima&#8221;\u00a0<\/strong><\/p>\n<p>O Tarob\u00e1News teve acesso a um comunicado direcionado aos m\u00e9dicos da Institui\u00e7\u00e3o e assinado por diretores e gerentes.<\/p>\n<p>O documento diz que &#8220;a taxa de ocupa\u00e7\u00e3o m\u00e1xima&#8221; foi atingida e orientou os profissionais a cancelarem as cirurgias, exceto as emergenciais.<\/p>\n<p>A assessoria de imprensa informou que n\u00e3o houve qualquer altera\u00e7\u00e3o significativa no atendimento ao SUS. O Hospital Evang\u00e9lico continua atendendo e recebendo pacientes dos servi\u00e7os m\u00f3veis de emerg\u00eancia.<\/p>\n<p><a href=\"https:\/\/tarobanews.com\/noticias\/parana\/hospital-evangelico-registra-recorde-de-internacoes-por-coronavirus-29Nm9.html\">Por Murilo Pajola<\/a><\/p>\n","protected":false},"excerpt":{"rendered":"<p>O \u00faltimo boletim do Hospital Evang\u00e9lico, divulgado pelas\u00a0redes sociais\u00a0nesta quarta-feira (15), revelou que a Institui\u00e7\u00e3o atingiu o pico de interna\u00e7\u00f5es por Covid-19 desde o in\u00edcio da<span class=\"excerpt-hellip\"> [?]<\/span><\/p>\n","protected":false},"author":111,"featured_media":5251,"comment_status":"closed","ping_status":"open","sticky":false,"template":"","format":"standard","meta":{"_joinchat":[],"footnotes":""},"categories":[171],"tags":[],"class_list":["post-7614","post","type-post","status-publish","format-standard","has-post-thumbnail","hentry","category-hospital-evangelico"],"_links":{"self":[{"href":"https:\/\/www.inovelondrina.com.br\/agencia\/wp-json\/wp\/v2\/posts\/7614","targetHints":{"allow":["GET"]}}],"collection":[{"href":"https:\/\/www.inovelondrina.com.br\/agencia\/wp-json\/wp\/v2\/posts"}],"about":[{"href":"https:\/\/www.inovelondrina.com.br\/agencia\/wp-json\/wp\/v2\/types\/post"}],"author":[{"embeddable":true,"href":"https:\/\/www.inovelondrina.com.br\/agencia\/wp-json\/wp\/v2\/users\/111"}],"replies":[{"embeddable":true,"href":"https:\/\/www.inovelondrina.com.br\/agencia\/wp-json\/wp\/v2\/comments?post=7614"}],"version-history":[{"count":0,"href":"https:\/\/www.inovelondrina.com.br\/agencia\/wp-json\/wp\/v2\/posts\/7614\/revisions"}],"wp:featuredmedia":[{"embeddable":true,"href":"https:\/\/www.inovelondrina.com.br\/agencia\/wp-json\/wp\/v2\/media\/5251"}],"wp:attachment":[{"href":"https:\/\/www.inovelondrina.com.br\/agencia\/wp-json\/wp\/v2\/media?parent=7614"}],"wp:term":[{"taxonomy":"category","embeddable":true,"href":"https:\/\/www.inovelondrina.com.br\/agencia\/wp-json\/wp\/v2\/categories?post=7614"},{"taxonomy":"post_tag","embeddable":true,"href":"https:\/\/www.inovelondrina.com.br\/agencia\/wp-json\/wp\/v2\/tags?post=7614"}],"curies":[{"name":"wp","href":"https:\/\/api.w.org\/{rel}","templated":true}]}}