{"id":7536,"date":"2020-06-30T17:50:20","date_gmt":"2020-06-30T20:50:20","guid":{"rendered":"https:\/\/www.inovelondrina.com.br\/agencia\/?p=7536"},"modified":"2020-07-09T17:52:24","modified_gmt":"2020-07-09T20:52:24","slug":"pronto-socorro-do-hospital-evangelico-reabre-nesta-terca-feira-depois-de-desinfeccao-geral","status":"publish","type":"post","link":"https:\/\/www.inovelondrina.com.br\/agencia\/pronto-socorro-do-hospital-evangelico-reabre-nesta-terca-feira-depois-de-desinfeccao-geral\/","title":{"rendered":"Pronto Socorro do Hospital Evang\u00e9lico reabre nesta ter\u00e7a-feira depois de desinfec\u00e7\u00e3o geral"},"content":{"rendered":"<p>O atendimento no Pronto Socorro foi suspenso no domingo, por 72 horas, ap\u00f3s a confirma\u00e7\u00e3o de Covid-19 em um idoso de 68 anos encaminhado pelo SAMU. Antes da reabertura, nesta ter\u00e7a-feira pela manh\u00e3, todos os pacientes passaram por uma triagem e foram remanejados para setores do pr\u00f3prio Evang\u00e9lico e para outros hospitais da cidade, a depender do caso. De acordo com o gerente m\u00e9dico do Hospital Evang\u00e9lico, Rodrigo Bettega, todos os m\u00f3veis do Pronto Socorro foram retirados e o espa\u00e7o passou por uma desinfec\u00e7\u00e3o completa.<\/p>\n<p>O gerente m\u00e9dico do Evang\u00e9lico afirma que todos os pacientes e funcion\u00e1rios que tiveram contato a pessoa infectada e que apresentarem sintomas ser\u00e3o testados para a Covid-19<\/p>\n<p>Rodrigo Bettega diz ainda que, no domingo, o PS do Evang\u00e9lico tinha 29 pacientes. Ele explica que antes da pandemia aproximadamente 25 pessoas eram atendidas diariamente na unidade e diz que o n\u00famero mais que dobrou com o Hospital Universit\u00e1rio atendendo apenas os casos de Covid-19.<\/p>\n<p>O paciente de 68 anos deu entrada no Hospital Evang\u00e9lico na manh\u00e3 de domingo com diagn\u00f3stico de pneumonia e insufici\u00eancia card\u00edaca e foi transferido para o HU logo ap\u00f3s a confirma\u00e7\u00e3o da Covid-19.<\/p>\n<p>O gerente m\u00e9dico do Evang\u00e9lico diz que, apesar do grande volume de atendimentos, a partir de agora a unidade vai adotar novos protocolos de triagem, mais detalhados, para os casos encaminhados ao Pronto Socorro.<\/p>\n<p>\u00c9 a segunda vez, desde o in\u00edcio da pandemia, que o Pronto Socorro do Evang\u00e9lico \u00e9 fechado pelo mesmo motivo. A primeira foi no final de maio, quando um homem de 84 anos, de Santo Ant\u00f4nio da Platina, transferido pela central de leitos entrou no pronto-<\/p>\n<div class=\"conteudo\">\n<p>socorro com diagn\u00f3stico de pneumonia, sepse e embolia pulmonar e a confirma\u00e7\u00e3o para Covid-10 s\u00f3 veio alguns dias depois.<\/p>\n<\/div>\n<div class=\"item-por\"><a href=\"https:\/\/cbnlondrina.com.br\/materias\/pronto-socorro-do-hospital-evangelico-reabre-nesta-terca-feira-depois-de-desinfeccao-geral-\">Por <b>Marcos Garrido<\/b><\/a><\/div>\n","protected":false},"excerpt":{"rendered":"<p>O atendimento no Pronto Socorro foi suspenso no domingo, por 72 horas, ap\u00f3s a confirma\u00e7\u00e3o de Covid-19 em um idoso de 68 anos encaminhado pelo SAMU.<span class=\"excerpt-hellip\"> [?]<\/span><\/p>\n","protected":false},"author":111,"featured_media":4319,"comment_status":"closed","ping_status":"open","sticky":false,"template":"","format":"standard","meta":{"_joinchat":[],"footnotes":""},"categories":[171],"tags":[],"class_list":["post-7536","post","type-post","status-publish","format-standard","has-post-thumbnail","hentry","category-hospital-evangelico"],"_links":{"self":[{"href":"https:\/\/www.inovelondrina.com.br\/agencia\/wp-json\/wp\/v2\/posts\/7536","targetHints":{"allow":["GET"]}}],"collection":[{"href":"https:\/\/www.inovelondrina.com.br\/agencia\/wp-json\/wp\/v2\/posts"}],"about":[{"href":"https:\/\/www.inovelondrina.com.br\/agencia\/wp-json\/wp\/v2\/types\/post"}],"author":[{"embeddable":true,"href":"https:\/\/www.inovelondrina.com.br\/agencia\/wp-json\/wp\/v2\/users\/111"}],"replies":[{"embeddable":true,"href":"https:\/\/www.inovelondrina.com.br\/agencia\/wp-json\/wp\/v2\/comments?post=7536"}],"version-history":[{"count":0,"href":"https:\/\/www.inovelondrina.com.br\/agencia\/wp-json\/wp\/v2\/posts\/7536\/revisions"}],"wp:featuredmedia":[{"embeddable":true,"href":"https:\/\/www.inovelondrina.com.br\/agencia\/wp-json\/wp\/v2\/media\/4319"}],"wp:attachment":[{"href":"https:\/\/www.inovelondrina.com.br\/agencia\/wp-json\/wp\/v2\/media?parent=7536"}],"wp:term":[{"taxonomy":"category","embeddable":true,"href":"https:\/\/www.inovelondrina.com.br\/agencia\/wp-json\/wp\/v2\/categories?post=7536"},{"taxonomy":"post_tag","embeddable":true,"href":"https:\/\/www.inovelondrina.com.br\/agencia\/wp-json\/wp\/v2\/tags?post=7536"}],"curies":[{"name":"wp","href":"https:\/\/api.w.org\/{rel}","templated":true}]}}