{"id":7534,"date":"2020-06-30T17:48:00","date_gmt":"2020-06-30T20:48:00","guid":{"rendered":"https:\/\/www.inovelondrina.com.br\/agencia\/?p=7534"},"modified":"2020-07-09T17:50:06","modified_gmt":"2020-07-09T20:50:06","slug":"ps-do-hospital-evangelico-reabre-nesta-terca","status":"publish","type":"post","link":"https:\/\/www.inovelondrina.com.br\/agencia\/ps-do-hospital-evangelico-reabre-nesta-terca\/","title":{"rendered":"PS do Hospital Evang\u00e9lico reabre nesta ter\u00e7a"},"content":{"rendered":"<p>O Hospital Evang\u00e9lico de Londrina reabriu e retomou os atendimentos no pronto-socorro SUS na manh\u00e3 desta ter\u00e7a-feira (30). O local estava fechado desde a tarde de domingo. A medida, segundo a entidade foi necess\u00e1ria para a seguran\u00e7a dos pacientes e colaboradores da institui\u00e7\u00e3o ap\u00f3s mais um caso confirmado de Covid-19. Esta \u00e9 a segunda vez que h\u00e1 o fechamento por 72 horas pelo mesmo motivo.<\/p>\n<p>O paciente tinha sido levado pelo SAMU e dado entrada pelo pronto-socorro. Ap\u00f3s os resultados dos exames que confirmaram a doen\u00e7a, foi determinado o fechamento imediato da ala do pronto-socorro e solicitada transfer\u00eancia do paciente. Ele foi encaminhado ainda na noite de domingo para um hospital de refer\u00eancia, onde permanece em tratamento.<\/p>\n<p>O homem, de 68 anos, tinha diagn\u00f3stico de pneumonia em tratamento e insufici\u00eancia card\u00edaca. Ele estava em processo p\u00f3s-operat\u00f3rio de um procedimento card\u00edaco realizado 15 dias antes no Hospital Norte Paranaense de Arapongas.<\/p>\n<p>Em nota, o Hospital Evang\u00e9lico informou que o fechamento do PS SUS foi preventivo e necess\u00e1ria. Os pacientes com contato pr\u00f3ximo foram transferidos para outras alas.<\/p>\n<p><strong>Segunda vez<\/strong><br \/>\nEm maio, o Pronto Socorro da Unidade fechou pela primeira vez ap\u00f3s a confirma\u00e7\u00e3o do diagn\u00f3stico de Covid-19 por um paciente. Era um homem de 84 anos transferido pela central de leitos no dia 21\/05 de Santo Ant\u00f4nio da Platina.<\/p>\n","protected":false},"excerpt":{"rendered":"<p>O Hospital Evang\u00e9lico de Londrina reabriu e retomou os atendimentos no pronto-socorro SUS na manh\u00e3 desta ter\u00e7a-feira (30). O local estava fechado desde a tarde de<span class=\"excerpt-hellip\"> [?]<\/span><\/p>\n","protected":false},"author":111,"featured_media":5251,"comment_status":"closed","ping_status":"open","sticky":false,"template":"","format":"standard","meta":{"_joinchat":[],"footnotes":""},"categories":[171],"tags":[],"class_list":["post-7534","post","type-post","status-publish","format-standard","has-post-thumbnail","hentry","category-hospital-evangelico"],"_links":{"self":[{"href":"https:\/\/www.inovelondrina.com.br\/agencia\/wp-json\/wp\/v2\/posts\/7534","targetHints":{"allow":["GET"]}}],"collection":[{"href":"https:\/\/www.inovelondrina.com.br\/agencia\/wp-json\/wp\/v2\/posts"}],"about":[{"href":"https:\/\/www.inovelondrina.com.br\/agencia\/wp-json\/wp\/v2\/types\/post"}],"author":[{"embeddable":true,"href":"https:\/\/www.inovelondrina.com.br\/agencia\/wp-json\/wp\/v2\/users\/111"}],"replies":[{"embeddable":true,"href":"https:\/\/www.inovelondrina.com.br\/agencia\/wp-json\/wp\/v2\/comments?post=7534"}],"version-history":[{"count":0,"href":"https:\/\/www.inovelondrina.com.br\/agencia\/wp-json\/wp\/v2\/posts\/7534\/revisions"}],"wp:featuredmedia":[{"embeddable":true,"href":"https:\/\/www.inovelondrina.com.br\/agencia\/wp-json\/wp\/v2\/media\/5251"}],"wp:attachment":[{"href":"https:\/\/www.inovelondrina.com.br\/agencia\/wp-json\/wp\/v2\/media?parent=7534"}],"wp:term":[{"taxonomy":"category","embeddable":true,"href":"https:\/\/www.inovelondrina.com.br\/agencia\/wp-json\/wp\/v2\/categories?post=7534"},{"taxonomy":"post_tag","embeddable":true,"href":"https:\/\/www.inovelondrina.com.br\/agencia\/wp-json\/wp\/v2\/tags?post=7534"}],"curies":[{"name":"wp","href":"https:\/\/api.w.org\/{rel}","templated":true}]}}