{"id":7532,"date":"2020-06-30T17:45:40","date_gmt":"2020-06-30T20:45:40","guid":{"rendered":"https:\/\/www.inovelondrina.com.br\/agencia\/?p=7532"},"modified":"2020-07-09T17:47:44","modified_gmt":"2020-07-09T20:47:44","slug":"hospital-evangelico-de-londrina-reabre-pronto-socorro-apos-higienizacao","status":"publish","type":"post","link":"https:\/\/www.inovelondrina.com.br\/agencia\/hospital-evangelico-de-londrina-reabre-pronto-socorro-apos-higienizacao\/","title":{"rendered":"Hospital Evang\u00e9lico de Londrina reabre pronto-socorro ap\u00f3s higieniza\u00e7\u00e3o"},"content":{"rendered":"<div class=\"mc-column content-text active-extra-styles \" data-block-type=\"unstyled\" data-block-weight=\"26\">\n<p class=\"content-text__container \" data-track-links=\"\" data-track-category=\"Link no Texto\">O pronto-socorro do Hospital Evang\u00e9lico de Londrina, no norte do Paran\u00e1, que atende pacientes do Sistema \u00danico de Sa\u00fade (SUS), foi reaberto nesta ter\u00e7a-feira (30).<\/p>\n<\/div>\n<div class=\"wall protected-content\">\n<div class=\"mc-column content-text active-extra-styles \" data-block-type=\"unstyled\" data-block-weight=\"21\">\n<p class=\"content-text__container \" data-track-links=\"\" data-track-category=\"Link no Texto\">Os atendimentos do setor <a href=\"https:\/\/g1.globo.com\/pr\/norte-noroeste\/noticia\/2020\/06\/29\/pronto-socorro-do-hospital-evangelico-de-londrina-que-atende-pacientes-do-sus-fica-fechado-ate-terca-feira-30.ghtml\">foram suspensos por 72 horas <\/a>depois que um paciente testou positivo para coronav\u00edrus no s\u00e1bado (27).<\/p>\n<\/div>\n<div class=\"mc-column content-text active-extra-styles \" data-block-type=\"unstyled\" data-block-weight=\"35\">\n<p class=\"content-text__container \" data-track-links=\"\" data-track-category=\"Link no Texto\">O local passou por uma higieniza\u00e7\u00e3o para poder voltar a atender novos casos. Essa foi a segunda vez que o pronto-socorro foi fechado para passar por uma desinfec\u00e7\u00e3o. <a href=\"https:\/\/g1.globo.com\/pr\/norte-noroeste\/noticia\/2020\/05\/26\/hospital-evangelico-de-londrina-fecha-pronto-socorro-por-3-dias-apos-atendimento-de-paciente-com-covid-19.ghtml\">A primeira vez ocorreu em maio. <\/a><\/p>\n<\/div>\n<div class=\"mc-column content-text active-extra-styles\" data-block-type=\"raw\" data-block-weight=\"3\">\n<div class=\"content-intertitle\">\n<h2>Caso no s\u00e1bado<\/h2>\n<\/div>\n<\/div>\n<div class=\"mc-column content-text active-extra-styles \" data-block-type=\"unstyled\" data-block-weight=\"26\">\n<p class=\"content-text__container \" data-track-links=\"\" data-track-category=\"Link no Texto\">O paciente que testou positivo chegou ao pronto-socorro na madrugada de s\u00e1bado, com diagn\u00f3stico de pneumonia em tratamento e<\/p>\n<div class=\"mc-column content-text active-extra-styles \" data-block-type=\"unstyled\" data-block-weight=\"26\">\n<p class=\"content-text__container \" data-track-links=\"\" data-track-category=\"Link no Texto\">insufici\u00eancia card\u00edaca. Ele tem 68 anos.<\/p>\n<\/div>\n<div class=\"mc-column content-text active-extra-styles \" data-block-type=\"unstyled\" data-block-weight=\"28\">\n<p class=\"content-text__container \" data-track-links=\"\" data-track-category=\"Link no Texto\">Depois que o exame desse paciente deu positivo para a Covid-19, ele foi transferido para outro hospital ainda no s\u00e1bado, conforme a institui\u00e7\u00e3o. Ele continua internado em tratamento<\/p>\n<p data-track-links=\"\" data-track-category=\"Link no Texto\"><a href=\"https:\/\/g1.globo.com\/pr\/norte-noroeste\/noticia\/2020\/06\/30\/hospital-evangelico-de-londrina-reabre-pronto-socorro-apos-higienizacao.ghtml\">Por G1<\/a><\/p>\n<\/div>\n<\/div>\n<\/div>\n","protected":false},"excerpt":{"rendered":"<p>O pronto-socorro do Hospital Evang\u00e9lico de Londrina, no norte do Paran\u00e1, que atende pacientes do Sistema \u00danico de Sa\u00fade (SUS), foi reaberto nesta ter\u00e7a-feira (30). Os<span class=\"excerpt-hellip\"> [?]<\/span><\/p>\n","protected":false},"author":111,"featured_media":7142,"comment_status":"closed","ping_status":"open","sticky":false,"template":"","format":"standard","meta":{"_joinchat":[],"footnotes":""},"categories":[171],"tags":[],"class_list":["post-7532","post","type-post","status-publish","format-standard","has-post-thumbnail","hentry","category-hospital-evangelico"],"_links":{"self":[{"href":"https:\/\/www.inovelondrina.com.br\/agencia\/wp-json\/wp\/v2\/posts\/7532","targetHints":{"allow":["GET"]}}],"collection":[{"href":"https:\/\/www.inovelondrina.com.br\/agencia\/wp-json\/wp\/v2\/posts"}],"about":[{"href":"https:\/\/www.inovelondrina.com.br\/agencia\/wp-json\/wp\/v2\/types\/post"}],"author":[{"embeddable":true,"href":"https:\/\/www.inovelondrina.com.br\/agencia\/wp-json\/wp\/v2\/users\/111"}],"replies":[{"embeddable":true,"href":"https:\/\/www.inovelondrina.com.br\/agencia\/wp-json\/wp\/v2\/comments?post=7532"}],"version-history":[{"count":0,"href":"https:\/\/www.inovelondrina.com.br\/agencia\/wp-json\/wp\/v2\/posts\/7532\/revisions"}],"wp:featuredmedia":[{"embeddable":true,"href":"https:\/\/www.inovelondrina.com.br\/agencia\/wp-json\/wp\/v2\/media\/7142"}],"wp:attachment":[{"href":"https:\/\/www.inovelondrina.com.br\/agencia\/wp-json\/wp\/v2\/media?parent=7532"}],"wp:term":[{"taxonomy":"category","embeddable":true,"href":"https:\/\/www.inovelondrina.com.br\/agencia\/wp-json\/wp\/v2\/categories?post=7532"},{"taxonomy":"post_tag","embeddable":true,"href":"https:\/\/www.inovelondrina.com.br\/agencia\/wp-json\/wp\/v2\/tags?post=7532"}],"curies":[{"name":"wp","href":"https:\/\/api.w.org\/{rel}","templated":true}]}}